{"id":10657,"date":"2019-10-29T11:52:42","date_gmt":"2019-10-29T10:52:42","guid":{"rendered":"http:\/\/journal.televitale.org\/autresprofessions\/blog\/2019\/10\/29\/faites-le-point-sur-vos-equipements-les-lecteurs\/"},"modified":"2020-01-31T10:09:55","modified_gmt":"2020-01-31T09:09:55","slug":"faites-le-point-sur-vos-equipements-les-lecteurs","status":"publish","type":"post","link":"https:\/\/journal.televitale.org\/autresprofessions\/blog\/2019\/10\/29\/faites-le-point-sur-vos-equipements-les-lecteurs\/","title":{"rendered":"Faites le point sur vos \u00e9quipements \u2013 Les lecteurs"},"content":{"rendered":"<p><img decoding=\"async\" class=\"size-full wp-image-10531 aligncenter\" src=\"https:\/\/journal.televitale.org\/kinesitherapeutes\/wp-content\/uploads\/sites\/14\/2019\/10\/lecteurs-2-tv-01.jpg\" alt=\"\" width=\"600\" \/><\/p>\n<p>Cette fois-ci, nous allons nous attaquer \u00e0 vos lecteurs\u00a0!<\/p>\n<p>Tout d\u2019abord, il est grand temps de mettre fin \u00e0 une rumeur persistante : <strong>non, les TLA ne vont pas dispara\u00eetre<\/strong>. Ce n\u2019est qu\u2019\u00e0 partir de 2023 qu\u2019ils cesseront progressivement d\u2019\u00eatre utilis\u00e9s. En gros, si vous achetez ou louez un nouveau lecteur maintenant, il sera forc\u00e9ment rentabilis\u00e9, n\u2019ayez aucun doute l\u00e0-dessus.<\/p>\n<p>Passons maintenant \u00e0 la partie plus d\u00e9licate\u00a0: quoi de neuf pour vos lecteurs\u00a0? Quelles sont les derni\u00e8res innovations et les prochaines normes \u00e0 venir\u00a0?<\/p>\n<h3><span style=\"color: #0087c5;\"><strong>L\u2019Addendum 7<\/strong><\/span><\/h3>\n<p>On ne vous le r\u00e9p\u00e9tera jamais assez : vos lecteurs doivent \u00eatre compatibles Addendum 7.<\/p>\n<p>L\u2019Addendum 7 inclut, entres autres, les \u00e9volutions suivantes :<\/p>\n<ul>\n<li>La transmission des flux par un cryptage ultra s\u00e9curis\u00e9 (norme impos\u00e9e par le GIE Sesam Vitale)<\/li>\n<li>L\u2019acc\u00e8s \u00e0 de nouvelles fonctionnalit\u00e9s\u00a0: ADRi, DMP<\/li>\n<li>Nouveau suivi de facture du Tiers Payant<\/li>\n<li>L\u2019utilisation des cartes CPS rempla\u00e7ants pour les auxiliaires (CPS Exclusive)<\/li>\n<li>Homologation du Tiers payant ALD et Maternit\u00e9<\/li>\n<li>Gestion des APIAS (AT pour les militaires)<\/li>\n<li>Modification de la lecture des droits AMO en Carte Vitale<\/li>\n<li>Modification de la lecture des droits AMC (Date de r\u00e9f\u00e9rence)<\/li>\n<li>\u00c9volutions de la gestion de la CCAM (Multi-tables tarifaires selon la situation conventionnelle du PS)<\/li>\n<\/ul>\n<p><strong>Comment savoir si votre lecteur est compatible Addendum 7 ?<\/strong><\/p>\n<div align=\"center\">\n<table style=\"height: 1471px;\">\n<tbody>\n<tr style=\"height: 48px;\">\n<td style=\"height: 65px; width: 200px; text-align: center; background-color: #99cfe8;\"><span style=\"color: #ffffff;\"><strong><span style=\"font-size: 14pt;\">OBSOL\u00c8TE<\/span><\/strong><\/span><\/td>\n<td style=\"height: 65px; width: 200px; text-align: center; background-color: #66b7dc;\"><span style=\"color: #ffffff;\"><strong><span style=\"font-size: 14pt;\">COMPATIBLE<\/span><\/strong><\/span><br \/>\n<strong><span style=\"font-size: 14pt;\"><span style=\"color: #ffffff;\">avec mise \u00e0 jour<\/span><br \/>\n<span style=\"color: #ff0000;\">(non recommand\u00e9)<\/span><\/span><\/strong><\/td>\n<td style=\"height: 65px; width: 200px; text-align: center; background-color: #0087c5;\"><span style=\"color: #ffffff;\"><strong><span style=\"font-size: 14pt;\">DIRECTEMENT<\/span><\/strong><\/span><br \/>\n<span style=\"color: #ffffff;\"><strong><span style=\"font-size: 14pt;\">COMPATIBLE<\/span><\/strong><\/span><\/td>\n<\/tr>\n<tr style=\"height: 234px;\">\n<td style=\"width: 200px; height: 234px; text-align: center; background-color: #99cfe8;\"><img decoding=\"async\" class=\"alignnone size-full wp-image-10616\" src=\"https:\/\/journal.televitale.org\/kinesitherapeutes\/wp-content\/uploads\/sites\/14\/2019\/10\/lecteurs_marque-05.jpg\" alt=\"\" width=\"200\" height=\"230\" \/><\/td>\n<td style=\"width: 200px; height: 234px; text-align: center; background-color: #66b7dc;\"><img decoding=\"async\" class=\"alignnone size-full wp-image-10634\" src=\"https:\/\/journal.televitale.org\/kinesitherapeutes\/wp-content\/uploads\/sites\/14\/2019\/10\/lecteurs_marque-14.jpg\" alt=\"\" width=\"200\" height=\"230\" \/><\/td>\n<td style=\"width: 200px; height: 234px; text-align: center; background-color: #0087c5;\"><img decoding=\"async\" class=\"alignnone size-full wp-image-10618\" src=\"https:\/\/journal.televitale.org\/kinesitherapeutes\/wp-content\/uploads\/sites\/14\/2019\/10\/lecteurs_marque-06.jpg\" alt=\"\" width=\"200\" height=\"230\" \/><\/td>\n<\/tr>\n<tr style=\"height: 234px;\">\n<td style=\"width: 200px; height: 234px; text-align: center; background-color: #99cfe8;\"><img loading=\"lazy\" decoding=\"async\" class=\"alignnone size-full wp-image-10622\" src=\"https:\/\/journal.televitale.org\/kinesitherapeutes\/wp-content\/uploads\/sites\/14\/2019\/10\/lecteurs_marque-08.jpg\" alt=\"\" width=\"200\" height=\"230\" \/><\/td>\n<td style=\"width: 200px; height: 234px; text-align: center; background-color: #66b7dc;\"><img loading=\"lazy\" decoding=\"async\" class=\"alignnone size-full wp-image-10624\" src=\"https:\/\/journal.televitale.org\/kinesitherapeutes\/wp-content\/uploads\/sites\/14\/2019\/10\/lecteurs_marque-09.jpg\" alt=\"\" width=\"200\" height=\"230\" \/><\/td>\n<td style=\"width: 200px; height: 234px; text-align: center; background-color: #0087c5;\"><img loading=\"lazy\" decoding=\"async\" class=\"alignnone size-full wp-image-10614\" src=\"https:\/\/journal.televitale.org\/kinesitherapeutes\/wp-content\/uploads\/sites\/14\/2019\/10\/lecteurs_marque-04.jpg\" alt=\"\" width=\"200\" height=\"230\" \/><\/td>\n<\/tr>\n<tr style=\"height: 234px;\">\n<td style=\"width: 200px; height: 234px; text-align: center; background-color: #99cfe8;\"><img loading=\"lazy\" decoding=\"async\" class=\"alignnone size-full wp-image-10626\" src=\"https:\/\/journal.televitale.org\/kinesitherapeutes\/wp-content\/uploads\/sites\/14\/2019\/10\/lecteurs_marque-10.jpg\" alt=\"\" width=\"200\" height=\"230\" \/><\/td>\n<td style=\"width: 200px; height: 234px; text-align: center; background-color: #66b7dc;\"><img loading=\"lazy\" decoding=\"async\" class=\"alignnone size-full wp-image-10620\" src=\"https:\/\/journal.televitale.org\/kinesitherapeutes\/wp-content\/uploads\/sites\/14\/2019\/10\/lecteurs_marque-07.jpg\" alt=\"\" width=\"200\" height=\"230\" \/><\/td>\n<td style=\"width: 200px; height: 234px; text-align: center; background-color: #0087c5;\"><img loading=\"lazy\" decoding=\"async\" class=\"alignnone size-full wp-image-10610\" src=\"https:\/\/journal.televitale.org\/kinesitherapeutes\/wp-content\/uploads\/sites\/14\/2019\/10\/lecteurs_marque-02.jpg\" alt=\"\" width=\"200\" height=\"230\" \/><\/td>\n<\/tr>\n<tr style=\"height: 234px;\">\n<td style=\"width: 200px; height: 234px; text-align: center; background-color: #99cfe8;\"><img loading=\"lazy\" decoding=\"async\" class=\"alignnone size-full wp-image-10630\" src=\"https:\/\/journal.televitale.org\/kinesitherapeutes\/wp-content\/uploads\/sites\/14\/2019\/10\/lecteurs_marque-12.jpg\" alt=\"\" width=\"200\" height=\"230\" \/><\/td>\n<td style=\"width: 200px; height: 234px; text-align: center; background-color: #66b7dc;\"><img loading=\"lazy\" decoding=\"async\" class=\"alignnone size-full wp-image-10628\" src=\"https:\/\/journal.televitale.org\/kinesitherapeutes\/wp-content\/uploads\/sites\/14\/2019\/10\/lecteurs_marque-11.jpg\" alt=\"\" width=\"200\" height=\"230\" \/><\/td>\n<td style=\"width: 200px; height: 234px; text-align: center; background-color: #0087c5;\"><img loading=\"lazy\" decoding=\"async\" class=\"alignnone size-full wp-image-10608\" src=\"https:\/\/journal.televitale.org\/kinesitherapeutes\/wp-content\/uploads\/sites\/14\/2019\/10\/lecteurs_marque-01.jpg\" alt=\"\" width=\"200\" height=\"230\" \/><\/td>\n<\/tr>\n<tr style=\"height: 235px;\">\n<td style=\"width: 200px; height: 235px; text-align: center; background-color: #99cfe8;\"><img loading=\"lazy\" decoding=\"async\" class=\"alignnone size-full wp-image-10632\" src=\"https:\/\/journal.televitale.org\/kinesitherapeutes\/wp-content\/uploads\/sites\/14\/2019\/10\/lecteurs_marque-13.jpg\" alt=\"\" width=\"200\" height=\"230\" \/><\/td>\n<td style=\"width: 200px; height: 235px; text-align: center; background-color: #66b7dc;\"><strong><img loading=\"lazy\" decoding=\"async\" class=\"alignnone size-full wp-image-10638\" src=\"https:\/\/journal.televitale.org\/kinesitherapeutes\/wp-content\/uploads\/sites\/14\/2019\/10\/lecteurs_marque-16.jpg\" alt=\"\" width=\"200\" height=\"230\" \/><\/strong><\/td>\n<td style=\"width: 200px; height: 235px; text-align: center; background-color: #0087c5;\"><img loading=\"lazy\" decoding=\"async\" class=\"alignnone size-full wp-image-10612\" src=\"https:\/\/journal.televitale.org\/kinesitherapeutes\/wp-content\/uploads\/sites\/14\/2019\/10\/lecteurs_marque-03.jpg\" alt=\"\" width=\"200\" height=\"230\" \/><\/td>\n<\/tr>\n<\/tbody>\n<\/table>\n<\/div>\n<p><strong><span style=\"color: #ff0000;\">*Sous condition que le lecteur utilise un protocole USB et non un port s\u00e9rie<\/span><\/strong><\/p>\n","protected":false},"excerpt":{"rendered":"<p>Cette fois-ci, nous allons nous attaquer \u00e0 vos lecteurs\u00a0! Tout d\u2019abord, il est grand temps de mettre fin \u00e0 une rumeur persistante : non, les TLA ne vont pas dispara\u00eetre. Ce n\u2019est qu\u2019\u00e0 partir de 2023 qu\u2019ils cesseront progressivement d\u2019\u00eatre utilis\u00e9s. En gros, si vous achetez ou louez un nouveau lecteur maintenant, il sera forc\u00e9ment [&hellip;]<\/p>\n","protected":false},"author":4,"featured_media":10661,"comment_status":"open","ping_status":"open","sticky":false,"template":"","format":"standard","meta":{"footnotes":""},"categories":[56,57,59],"tags":[],"class_list":["post-10657","post","type-post","status-publish","format-standard","has-post-thumbnail","hentry","category-a-la-une","category-infotech","category-techniques"],"yoast_head":"<!-- This site is optimized with the Yoast SEO plugin v24.1 - https:\/\/yoast.com\/wordpress\/plugins\/seo\/ -->\n<title>Faites le point sur vos \u00e9quipements \u2013 Les lecteurs - Autres Professions<\/title>\n<meta name=\"robots\" content=\"noindex, follow, max-snippet:-1, max-image-preview:large, max-video-preview:-1\" \/>\n<meta property=\"og:locale\" content=\"fr_FR\" \/>\n<meta property=\"og:type\" content=\"article\" \/>\n<meta property=\"og:title\" content=\"Faites le point sur vos \u00e9quipements \u2013 Les lecteurs - Autres Professions\" \/>\n<meta property=\"og:description\" content=\"Cette fois-ci, nous allons nous attaquer \u00e0 vos lecteurs\u00a0! Tout d\u2019abord, il est grand temps de mettre fin \u00e0 une rumeur persistante : non, les TLA ne vont pas dispara\u00eetre. Ce n\u2019est qu\u2019\u00e0 partir de 2023 qu\u2019ils cesseront progressivement d\u2019\u00eatre utilis\u00e9s. En gros, si vous achetez ou louez un nouveau lecteur maintenant, il sera forc\u00e9ment [&hellip;]\" \/>\n<meta property=\"og:url\" content=\"https:\/\/journal.televitale.org\/autresprofessions\/blog\/2019\/10\/29\/faites-le-point-sur-vos-equipements-les-lecteurs\/\" \/>\n<meta property=\"og:site_name\" content=\"Autres Professions\" \/>\n<meta property=\"article:published_time\" content=\"2019-10-29T10:52:42+00:00\" \/>\n<meta property=\"article:modified_time\" content=\"2020-01-31T09:09:55+00:00\" \/>\n<meta property=\"og:image\" content=\"https:\/\/journal.televitale.org\/autresprofessions\/wp-content\/uploads\/sites\/20\/2019\/10\/equipements-lecteurs.jpg\" \/>\n\t<meta property=\"og:image:width\" content=\"546\" \/>\n\t<meta property=\"og:image:height\" content=\"269\" \/>\n\t<meta property=\"og:image:type\" content=\"image\/jpeg\" \/>\n<meta name=\"author\" content=\"ldigennaro\" \/>\n<meta name=\"twitter:card\" content=\"summary_large_image\" \/>\n<meta name=\"twitter:label1\" content=\"\u00c9crit par\" \/>\n\t<meta name=\"twitter:data1\" content=\"ldigennaro\" \/>\n\t<meta name=\"twitter:label2\" content=\"Dur\u00e9e de lecture estim\u00e9e\" \/>\n\t<meta name=\"twitter:data2\" content=\"1 minute\" \/>\n<script type=\"application\/ld+json\" class=\"yoast-schema-graph\">{\"@context\":\"https:\/\/schema.org\",\"@graph\":[{\"@type\":\"WebPage\",\"@id\":\"https:\/\/journal.televitale.org\/autresprofessions\/blog\/2019\/10\/29\/faites-le-point-sur-vos-equipements-les-lecteurs\/\",\"url\":\"https:\/\/journal.televitale.org\/autresprofessions\/blog\/2019\/10\/29\/faites-le-point-sur-vos-equipements-les-lecteurs\/\",\"name\":\"Faites le point sur vos \u00e9quipements \u2013 Les lecteurs - Autres Professions\",\"isPartOf\":{\"@id\":\"https:\/\/journal.televitale.org\/autresprofessions\/#website\"},\"primaryImageOfPage\":{\"@id\":\"https:\/\/journal.televitale.org\/autresprofessions\/blog\/2019\/10\/29\/faites-le-point-sur-vos-equipements-les-lecteurs\/#primaryimage\"},\"image\":{\"@id\":\"https:\/\/journal.televitale.org\/autresprofessions\/blog\/2019\/10\/29\/faites-le-point-sur-vos-equipements-les-lecteurs\/#primaryimage\"},\"thumbnailUrl\":\"https:\/\/journal.televitale.org\/autresprofessions\/wp-content\/uploads\/sites\/20\/2019\/10\/equipements-lecteurs.jpg\",\"datePublished\":\"2019-10-29T10:52:42+00:00\",\"dateModified\":\"2020-01-31T09:09:55+00:00\",\"author\":{\"@id\":\"https:\/\/journal.televitale.org\/autresprofessions\/#\/schema\/person\/a49f287a8998f69d43caeb2d1ddd0531\"},\"breadcrumb\":{\"@id\":\"https:\/\/journal.televitale.org\/autresprofessions\/blog\/2019\/10\/29\/faites-le-point-sur-vos-equipements-les-lecteurs\/#breadcrumb\"},\"inLanguage\":\"fr-FR\",\"potentialAction\":[{\"@type\":\"ReadAction\",\"target\":[\"https:\/\/journal.televitale.org\/autresprofessions\/blog\/2019\/10\/29\/faites-le-point-sur-vos-equipements-les-lecteurs\/\"]}]},{\"@type\":\"ImageObject\",\"inLanguage\":\"fr-FR\",\"@id\":\"https:\/\/journal.televitale.org\/autresprofessions\/blog\/2019\/10\/29\/faites-le-point-sur-vos-equipements-les-lecteurs\/#primaryimage\",\"url\":\"https:\/\/journal.televitale.org\/autresprofessions\/wp-content\/uploads\/sites\/20\/2019\/10\/equipements-lecteurs.jpg\",\"contentUrl\":\"https:\/\/journal.televitale.org\/autresprofessions\/wp-content\/uploads\/sites\/20\/2019\/10\/equipements-lecteurs.jpg\",\"width\":546,\"height\":269},{\"@type\":\"BreadcrumbList\",\"@id\":\"https:\/\/journal.televitale.org\/autresprofessions\/blog\/2019\/10\/29\/faites-le-point-sur-vos-equipements-les-lecteurs\/#breadcrumb\",\"itemListElement\":[{\"@type\":\"ListItem\",\"position\":1,\"name\":\"Accueil\",\"item\":\"https:\/\/journal.televitale.org\/autresprofessions\/\"},{\"@type\":\"ListItem\",\"position\":2,\"name\":\"Faites le point sur vos \u00e9quipements \u2013 Les lecteurs\"}]},{\"@type\":\"WebSite\",\"@id\":\"https:\/\/journal.televitale.org\/autresprofessions\/#website\",\"url\":\"https:\/\/journal.televitale.org\/autresprofessions\/\",\"name\":\"Autres Professions\",\"description\":\"\",\"potentialAction\":[{\"@type\":\"SearchAction\",\"target\":{\"@type\":\"EntryPoint\",\"urlTemplate\":\"https:\/\/journal.televitale.org\/autresprofessions\/?s={search_term_string}\"},\"query-input\":{\"@type\":\"PropertyValueSpecification\",\"valueRequired\":true,\"valueName\":\"search_term_string\"}}],\"inLanguage\":\"fr-FR\"},{\"@type\":\"Person\",\"@id\":\"https:\/\/journal.televitale.org\/autresprofessions\/#\/schema\/person\/a49f287a8998f69d43caeb2d1ddd0531\",\"name\":\"ldigennaro\",\"image\":{\"@type\":\"ImageObject\",\"inLanguage\":\"fr-FR\",\"@id\":\"https:\/\/journal.televitale.org\/autresprofessions\/#\/schema\/person\/image\/\",\"url\":\"https:\/\/secure.gravatar.com\/avatar\/a68c2eaf7a8d7e660fd7ad58fbb9a28c?s=96&d=mm&r=g\",\"contentUrl\":\"https:\/\/secure.gravatar.com\/avatar\/a68c2eaf7a8d7e660fd7ad58fbb9a28c?s=96&d=mm&r=g\",\"caption\":\"ldigennaro\"},\"url\":\"https:\/\/journal.televitale.org\/autresprofessions\/blog\/author\/ldigennaro\/\"}]}<\/script>\n<!-- \/ Yoast SEO plugin. -->","yoast_head_json":{"title":"Faites le point sur vos \u00e9quipements \u2013 Les lecteurs - Autres Professions","robots":{"index":"noindex","follow":"follow","max-snippet":"max-snippet:-1","max-image-preview":"max-image-preview:large","max-video-preview":"max-video-preview:-1"},"og_locale":"fr_FR","og_type":"article","og_title":"Faites le point sur vos \u00e9quipements \u2013 Les lecteurs - Autres Professions","og_description":"Cette fois-ci, nous allons nous attaquer \u00e0 vos lecteurs\u00a0! Tout d\u2019abord, il est grand temps de mettre fin \u00e0 une rumeur persistante : non, les TLA ne vont pas dispara\u00eetre. Ce n\u2019est qu\u2019\u00e0 partir de 2023 qu\u2019ils cesseront progressivement d\u2019\u00eatre utilis\u00e9s. En gros, si vous achetez ou louez un nouveau lecteur maintenant, il sera forc\u00e9ment [&hellip;]","og_url":"https:\/\/journal.televitale.org\/autresprofessions\/blog\/2019\/10\/29\/faites-le-point-sur-vos-equipements-les-lecteurs\/","og_site_name":"Autres Professions","article_published_time":"2019-10-29T10:52:42+00:00","article_modified_time":"2020-01-31T09:09:55+00:00","og_image":[{"width":546,"height":269,"url":"https:\/\/journal.televitale.org\/autresprofessions\/wp-content\/uploads\/sites\/20\/2019\/10\/equipements-lecteurs.jpg","type":"image\/jpeg"}],"author":"ldigennaro","twitter_card":"summary_large_image","twitter_misc":{"\u00c9crit par":"ldigennaro","Dur\u00e9e de lecture estim\u00e9e":"1 minute"},"schema":{"@context":"https:\/\/schema.org","@graph":[{"@type":"WebPage","@id":"https:\/\/journal.televitale.org\/autresprofessions\/blog\/2019\/10\/29\/faites-le-point-sur-vos-equipements-les-lecteurs\/","url":"https:\/\/journal.televitale.org\/autresprofessions\/blog\/2019\/10\/29\/faites-le-point-sur-vos-equipements-les-lecteurs\/","name":"Faites le point sur vos \u00e9quipements \u2013 Les lecteurs - Autres Professions","isPartOf":{"@id":"https:\/\/journal.televitale.org\/autresprofessions\/#website"},"primaryImageOfPage":{"@id":"https:\/\/journal.televitale.org\/autresprofessions\/blog\/2019\/10\/29\/faites-le-point-sur-vos-equipements-les-lecteurs\/#primaryimage"},"image":{"@id":"https:\/\/journal.televitale.org\/autresprofessions\/blog\/2019\/10\/29\/faites-le-point-sur-vos-equipements-les-lecteurs\/#primaryimage"},"thumbnailUrl":"https:\/\/journal.televitale.org\/autresprofessions\/wp-content\/uploads\/sites\/20\/2019\/10\/equipements-lecteurs.jpg","datePublished":"2019-10-29T10:52:42+00:00","dateModified":"2020-01-31T09:09:55+00:00","author":{"@id":"https:\/\/journal.televitale.org\/autresprofessions\/#\/schema\/person\/a49f287a8998f69d43caeb2d1ddd0531"},"breadcrumb":{"@id":"https:\/\/journal.televitale.org\/autresprofessions\/blog\/2019\/10\/29\/faites-le-point-sur-vos-equipements-les-lecteurs\/#breadcrumb"},"inLanguage":"fr-FR","potentialAction":[{"@type":"ReadAction","target":["https:\/\/journal.televitale.org\/autresprofessions\/blog\/2019\/10\/29\/faites-le-point-sur-vos-equipements-les-lecteurs\/"]}]},{"@type":"ImageObject","inLanguage":"fr-FR","@id":"https:\/\/journal.televitale.org\/autresprofessions\/blog\/2019\/10\/29\/faites-le-point-sur-vos-equipements-les-lecteurs\/#primaryimage","url":"https:\/\/journal.televitale.org\/autresprofessions\/wp-content\/uploads\/sites\/20\/2019\/10\/equipements-lecteurs.jpg","contentUrl":"https:\/\/journal.televitale.org\/autresprofessions\/wp-content\/uploads\/sites\/20\/2019\/10\/equipements-lecteurs.jpg","width":546,"height":269},{"@type":"BreadcrumbList","@id":"https:\/\/journal.televitale.org\/autresprofessions\/blog\/2019\/10\/29\/faites-le-point-sur-vos-equipements-les-lecteurs\/#breadcrumb","itemListElement":[{"@type":"ListItem","position":1,"name":"Accueil","item":"https:\/\/journal.televitale.org\/autresprofessions\/"},{"@type":"ListItem","position":2,"name":"Faites le point sur vos \u00e9quipements \u2013 Les lecteurs"}]},{"@type":"WebSite","@id":"https:\/\/journal.televitale.org\/autresprofessions\/#website","url":"https:\/\/journal.televitale.org\/autresprofessions\/","name":"Autres Professions","description":"","potentialAction":[{"@type":"SearchAction","target":{"@type":"EntryPoint","urlTemplate":"https:\/\/journal.televitale.org\/autresprofessions\/?s={search_term_string}"},"query-input":{"@type":"PropertyValueSpecification","valueRequired":true,"valueName":"search_term_string"}}],"inLanguage":"fr-FR"},{"@type":"Person","@id":"https:\/\/journal.televitale.org\/autresprofessions\/#\/schema\/person\/a49f287a8998f69d43caeb2d1ddd0531","name":"ldigennaro","image":{"@type":"ImageObject","inLanguage":"fr-FR","@id":"https:\/\/journal.televitale.org\/autresprofessions\/#\/schema\/person\/image\/","url":"https:\/\/secure.gravatar.com\/avatar\/a68c2eaf7a8d7e660fd7ad58fbb9a28c?s=96&d=mm&r=g","contentUrl":"https:\/\/secure.gravatar.com\/avatar\/a68c2eaf7a8d7e660fd7ad58fbb9a28c?s=96&d=mm&r=g","caption":"ldigennaro"},"url":"https:\/\/journal.televitale.org\/autresprofessions\/blog\/author\/ldigennaro\/"}]}},"_links":{"self":[{"href":"https:\/\/journal.televitale.org\/autresprofessions\/wp-json\/wp\/v2\/posts\/10657","targetHints":{"allow":["GET"]}}],"collection":[{"href":"https:\/\/journal.televitale.org\/autresprofessions\/wp-json\/wp\/v2\/posts"}],"about":[{"href":"https:\/\/journal.televitale.org\/autresprofessions\/wp-json\/wp\/v2\/types\/post"}],"author":[{"embeddable":true,"href":"https:\/\/journal.televitale.org\/autresprofessions\/wp-json\/wp\/v2\/users\/4"}],"replies":[{"embeddable":true,"href":"https:\/\/journal.televitale.org\/autresprofessions\/wp-json\/wp\/v2\/comments?post=10657"}],"version-history":[{"count":2,"href":"https:\/\/journal.televitale.org\/autresprofessions\/wp-json\/wp\/v2\/posts\/10657\/revisions"}],"predecessor-version":[{"id":10660,"href":"https:\/\/journal.televitale.org\/autresprofessions\/wp-json\/wp\/v2\/posts\/10657\/revisions\/10660"}],"wp:featuredmedia":[{"embeddable":true,"href":"https:\/\/journal.televitale.org\/autresprofessions\/wp-json\/wp\/v2\/media\/10661"}],"wp:attachment":[{"href":"https:\/\/journal.televitale.org\/autresprofessions\/wp-json\/wp\/v2\/media?parent=10657"}],"wp:term":[{"taxonomy":"category","embeddable":true,"href":"https:\/\/journal.televitale.org\/autresprofessions\/wp-json\/wp\/v2\/categories?post=10657"},{"taxonomy":"post_tag","embeddable":true,"href":"https:\/\/journal.televitale.org\/autresprofessions\/wp-json\/wp\/v2\/tags?post=10657"}],"curies":[{"name":"wp","href":"https:\/\/api.w.org\/{rel}","templated":true}]}}