{"id":10824,"date":"2020-01-10T11:48:42","date_gmt":"2020-01-10T10:48:42","guid":{"rendered":"http:\/\/journal.televitale.org\/infirmieres\/?p=10824"},"modified":"2025-11-18T17:14:55","modified_gmt":"2025-11-18T16:14:55","slug":"avenant-6-telechargez-notre-memo","status":"publish","type":"post","link":"https:\/\/journal.televitale.org\/infirmieres\/blog\/2020\/01\/10\/avenant-6-telechargez-notre-memo\/","title":{"rendered":"Avenant 6 \u2013 T\u00e9l\u00e9chargez notre m\u00e9mo !"},"content":{"rendered":"<p><img decoding=\"async\" class=\"wp-image-10827 size-full aligncenter\" src=\"https:\/\/journal.televitale.org\/infirmieres\/wp-content\/uploads\/sites\/12\/2020\/01\/memo_bsi.jpg\" alt=\"\" width=\"300\" srcset=\"https:\/\/journal.televitale.org\/infirmieres\/wp-content\/uploads\/sites\/12\/2020\/01\/memo_bsi.jpg 635w, https:\/\/journal.televitale.org\/infirmieres\/wp-content\/uploads\/sites\/12\/2020\/01\/memo_bsi-300x147.jpg 300w\" sizes=\"(max-width: 635px) 100vw, 635px\" \/><\/p>\n<p>Afin de vous y retrouver parmi toutes les mesures de l\u2019avenant 6, nous mettons \u00e0 votre disposition 2 fiches techniques en PDF \u00e0 t\u00e9l\u00e9charger et imprimer.<\/p>\n<ul>\n<li>Sur la premi\u00e8re, vous retrouverez un calendrier r\u00e9capitulant toutes les \u00e9tapes du d\u00e9ploiement de l\u2019avenant 6, de 2019 \u00e0 2023<\/li>\n<li>Sur la deuxi\u00e8me, les nouvelles cotations \u00e0 venir et leur date d\u2019inclusion dans la NGAP<\/li>\n<\/ul>\n<h3 style=\"text-align: center;\"><a href=\"https:\/\/journal.televitale.org\/infirmieres\/wp-content\/uploads\/sites\/12\/2020\/01\/Memo-Avenant6-Inf.pdf\" target=\"_blank\" rel=\"noopener noreferrer\"><strong><span style=\"color: #0087c5;\">T\u00e9l\u00e9charger le m\u00e9mo et la fiche technique ici<\/span><\/strong><\/a><\/h3>\n","protected":false},"excerpt":{"rendered":"<p>Afin de vous y retrouver parmi toutes les mesures de l\u2019avenant 6, nous mettons \u00e0 votre disposition 2 fiches techniques en PDF \u00e0 t\u00e9l\u00e9charger et imprimer. Sur la premi\u00e8re, vous retrouverez un calendrier r\u00e9capitulant toutes les \u00e9tapes du d\u00e9ploiement de l\u2019avenant 6, de 2019 \u00e0 2023 Sur la deuxi\u00e8me, les nouvelles cotations \u00e0 venir et [&hellip;]<\/p>\n","protected":false},"author":4,"featured_media":10831,"comment_status":"closed","ping_status":"closed","sticky":false,"template":"","format":"standard","meta":{"footnotes":""},"categories":[55,56,57,59],"tags":[],"class_list":["post-10824","post","type-post","status-publish","format-standard","has-post-thumbnail","hentry","category-actualites","category-a-la-une","category-infotech","category-techniques"],"yoast_head":"<!-- This site is optimized with the Yoast SEO plugin v24.1 - https:\/\/yoast.com\/wordpress\/plugins\/seo\/ -->\n<title>Avenant 6 \u2013 T\u00e9l\u00e9chargez notre m\u00e9mo ! - Infirmi\u00e8res<\/title>\n<meta name=\"robots\" content=\"noindex, follow, max-snippet:-1, max-image-preview:large, max-video-preview:-1\" \/>\n<meta property=\"og:locale\" content=\"fr_FR\" \/>\n<meta property=\"og:type\" content=\"article\" \/>\n<meta property=\"og:title\" content=\"Avenant 6 \u2013 T\u00e9l\u00e9chargez notre m\u00e9mo ! - Infirmi\u00e8res\" \/>\n<meta property=\"og:description\" content=\"Afin de vous y retrouver parmi toutes les mesures de l\u2019avenant 6, nous mettons \u00e0 votre disposition 2 fiches techniques en PDF \u00e0 t\u00e9l\u00e9charger et imprimer. Sur la premi\u00e8re, vous retrouverez un calendrier r\u00e9capitulant toutes les \u00e9tapes du d\u00e9ploiement de l\u2019avenant 6, de 2019 \u00e0 2023 Sur la deuxi\u00e8me, les nouvelles cotations \u00e0 venir et [&hellip;]\" \/>\n<meta property=\"og:url\" content=\"https:\/\/journal.televitale.org\/infirmieres\/blog\/2020\/01\/10\/avenant-6-telechargez-notre-memo\/\" \/>\n<meta property=\"og:site_name\" content=\"Infirmi\u00e8res\" \/>\n<meta property=\"article:published_time\" content=\"2020-01-10T10:48:42+00:00\" \/>\n<meta property=\"article:modified_time\" content=\"2025-11-18T16:14:55+00:00\" \/>\n<meta property=\"og:image\" content=\"https:\/\/journal.televitale.org\/infirmieres\/wp-content\/uploads\/sites\/12\/2020\/01\/memo_bsi-1.jpg\" \/>\n\t<meta property=\"og:image:width\" content=\"350\" \/>\n\t<meta property=\"og:image:height\" content=\"172\" \/>\n\t<meta property=\"og:image:type\" content=\"image\/jpeg\" \/>\n<meta name=\"author\" content=\"ldigennaro\" \/>\n<meta name=\"twitter:card\" content=\"summary_large_image\" \/>\n<meta name=\"twitter:label1\" content=\"\u00c9crit par\" \/>\n\t<meta name=\"twitter:data1\" content=\"ldigennaro\" \/>\n<script type=\"application\/ld+json\" class=\"yoast-schema-graph\">{\"@context\":\"https:\/\/schema.org\",\"@graph\":[{\"@type\":\"WebPage\",\"@id\":\"https:\/\/journal.televitale.org\/infirmieres\/blog\/2020\/01\/10\/avenant-6-telechargez-notre-memo\/\",\"url\":\"https:\/\/journal.televitale.org\/infirmieres\/blog\/2020\/01\/10\/avenant-6-telechargez-notre-memo\/\",\"name\":\"Avenant 6 \u2013 T\u00e9l\u00e9chargez notre m\u00e9mo ! - Infirmi\u00e8res\",\"isPartOf\":{\"@id\":\"https:\/\/journal.televitale.org\/infirmieres\/#website\"},\"primaryImageOfPage\":{\"@id\":\"https:\/\/journal.televitale.org\/infirmieres\/blog\/2020\/01\/10\/avenant-6-telechargez-notre-memo\/#primaryimage\"},\"image\":{\"@id\":\"https:\/\/journal.televitale.org\/infirmieres\/blog\/2020\/01\/10\/avenant-6-telechargez-notre-memo\/#primaryimage\"},\"thumbnailUrl\":\"https:\/\/journal.televitale.org\/infirmieres\/wp-content\/uploads\/sites\/12\/2020\/01\/memo_bsi-1.jpg\",\"datePublished\":\"2020-01-10T10:48:42+00:00\",\"dateModified\":\"2025-11-18T16:14:55+00:00\",\"author\":{\"@id\":\"https:\/\/journal.televitale.org\/infirmieres\/#\/schema\/person\/a49f287a8998f69d43caeb2d1ddd0531\"},\"breadcrumb\":{\"@id\":\"https:\/\/journal.televitale.org\/infirmieres\/blog\/2020\/01\/10\/avenant-6-telechargez-notre-memo\/#breadcrumb\"},\"inLanguage\":\"fr-FR\",\"potentialAction\":[{\"@type\":\"ReadAction\",\"target\":[\"https:\/\/journal.televitale.org\/infirmieres\/blog\/2020\/01\/10\/avenant-6-telechargez-notre-memo\/\"]}]},{\"@type\":\"ImageObject\",\"inLanguage\":\"fr-FR\",\"@id\":\"https:\/\/journal.televitale.org\/infirmieres\/blog\/2020\/01\/10\/avenant-6-telechargez-notre-memo\/#primaryimage\",\"url\":\"https:\/\/journal.televitale.org\/infirmieres\/wp-content\/uploads\/sites\/12\/2020\/01\/memo_bsi-1.jpg\",\"contentUrl\":\"https:\/\/journal.televitale.org\/infirmieres\/wp-content\/uploads\/sites\/12\/2020\/01\/memo_bsi-1.jpg\",\"width\":350,\"height\":172},{\"@type\":\"BreadcrumbList\",\"@id\":\"https:\/\/journal.televitale.org\/infirmieres\/blog\/2020\/01\/10\/avenant-6-telechargez-notre-memo\/#breadcrumb\",\"itemListElement\":[{\"@type\":\"ListItem\",\"position\":1,\"name\":\"Accueil\",\"item\":\"https:\/\/journal.televitale.org\/infirmieres\/\"},{\"@type\":\"ListItem\",\"position\":2,\"name\":\"Avenant 6 \u2013 T\u00e9l\u00e9chargez notre m\u00e9mo !\"}]},{\"@type\":\"WebSite\",\"@id\":\"https:\/\/journal.televitale.org\/infirmieres\/#website\",\"url\":\"https:\/\/journal.televitale.org\/infirmieres\/\",\"name\":\"Infirmi\u00e8res\",\"description\":\"\",\"potentialAction\":[{\"@type\":\"SearchAction\",\"target\":{\"@type\":\"EntryPoint\",\"urlTemplate\":\"https:\/\/journal.televitale.org\/infirmieres\/?s={search_term_string}\"},\"query-input\":{\"@type\":\"PropertyValueSpecification\",\"valueRequired\":true,\"valueName\":\"search_term_string\"}}],\"inLanguage\":\"fr-FR\"},{\"@type\":\"Person\",\"@id\":\"https:\/\/journal.televitale.org\/infirmieres\/#\/schema\/person\/a49f287a8998f69d43caeb2d1ddd0531\",\"name\":\"ldigennaro\",\"image\":{\"@type\":\"ImageObject\",\"inLanguage\":\"fr-FR\",\"@id\":\"https:\/\/journal.televitale.org\/infirmieres\/#\/schema\/person\/image\/\",\"url\":\"https:\/\/secure.gravatar.com\/avatar\/a68c2eaf7a8d7e660fd7ad58fbb9a28c?s=96&d=mm&r=g\",\"contentUrl\":\"https:\/\/secure.gravatar.com\/avatar\/a68c2eaf7a8d7e660fd7ad58fbb9a28c?s=96&d=mm&r=g\",\"caption\":\"ldigennaro\"},\"url\":\"https:\/\/journal.televitale.org\/infirmieres\/blog\/author\/ldigennaro\/\"}]}<\/script>\n<!-- \/ Yoast SEO plugin. -->","yoast_head_json":{"title":"Avenant 6 \u2013 T\u00e9l\u00e9chargez notre m\u00e9mo ! - Infirmi\u00e8res","robots":{"index":"noindex","follow":"follow","max-snippet":"max-snippet:-1","max-image-preview":"max-image-preview:large","max-video-preview":"max-video-preview:-1"},"og_locale":"fr_FR","og_type":"article","og_title":"Avenant 6 \u2013 T\u00e9l\u00e9chargez notre m\u00e9mo ! - Infirmi\u00e8res","og_description":"Afin de vous y retrouver parmi toutes les mesures de l\u2019avenant 6, nous mettons \u00e0 votre disposition 2 fiches techniques en PDF \u00e0 t\u00e9l\u00e9charger et imprimer. Sur la premi\u00e8re, vous retrouverez un calendrier r\u00e9capitulant toutes les \u00e9tapes du d\u00e9ploiement de l\u2019avenant 6, de 2019 \u00e0 2023 Sur la deuxi\u00e8me, les nouvelles cotations \u00e0 venir et [&hellip;]","og_url":"https:\/\/journal.televitale.org\/infirmieres\/blog\/2020\/01\/10\/avenant-6-telechargez-notre-memo\/","og_site_name":"Infirmi\u00e8res","article_published_time":"2020-01-10T10:48:42+00:00","article_modified_time":"2025-11-18T16:14:55+00:00","og_image":[{"width":350,"height":172,"url":"https:\/\/journal.televitale.org\/infirmieres\/wp-content\/uploads\/sites\/12\/2020\/01\/memo_bsi-1.jpg","type":"image\/jpeg"}],"author":"ldigennaro","twitter_card":"summary_large_image","twitter_misc":{"\u00c9crit par":"ldigennaro"},"schema":{"@context":"https:\/\/schema.org","@graph":[{"@type":"WebPage","@id":"https:\/\/journal.televitale.org\/infirmieres\/blog\/2020\/01\/10\/avenant-6-telechargez-notre-memo\/","url":"https:\/\/journal.televitale.org\/infirmieres\/blog\/2020\/01\/10\/avenant-6-telechargez-notre-memo\/","name":"Avenant 6 \u2013 T\u00e9l\u00e9chargez notre m\u00e9mo ! - Infirmi\u00e8res","isPartOf":{"@id":"https:\/\/journal.televitale.org\/infirmieres\/#website"},"primaryImageOfPage":{"@id":"https:\/\/journal.televitale.org\/infirmieres\/blog\/2020\/01\/10\/avenant-6-telechargez-notre-memo\/#primaryimage"},"image":{"@id":"https:\/\/journal.televitale.org\/infirmieres\/blog\/2020\/01\/10\/avenant-6-telechargez-notre-memo\/#primaryimage"},"thumbnailUrl":"https:\/\/journal.televitale.org\/infirmieres\/wp-content\/uploads\/sites\/12\/2020\/01\/memo_bsi-1.jpg","datePublished":"2020-01-10T10:48:42+00:00","dateModified":"2025-11-18T16:14:55+00:00","author":{"@id":"https:\/\/journal.televitale.org\/infirmieres\/#\/schema\/person\/a49f287a8998f69d43caeb2d1ddd0531"},"breadcrumb":{"@id":"https:\/\/journal.televitale.org\/infirmieres\/blog\/2020\/01\/10\/avenant-6-telechargez-notre-memo\/#breadcrumb"},"inLanguage":"fr-FR","potentialAction":[{"@type":"ReadAction","target":["https:\/\/journal.televitale.org\/infirmieres\/blog\/2020\/01\/10\/avenant-6-telechargez-notre-memo\/"]}]},{"@type":"ImageObject","inLanguage":"fr-FR","@id":"https:\/\/journal.televitale.org\/infirmieres\/blog\/2020\/01\/10\/avenant-6-telechargez-notre-memo\/#primaryimage","url":"https:\/\/journal.televitale.org\/infirmieres\/wp-content\/uploads\/sites\/12\/2020\/01\/memo_bsi-1.jpg","contentUrl":"https:\/\/journal.televitale.org\/infirmieres\/wp-content\/uploads\/sites\/12\/2020\/01\/memo_bsi-1.jpg","width":350,"height":172},{"@type":"BreadcrumbList","@id":"https:\/\/journal.televitale.org\/infirmieres\/blog\/2020\/01\/10\/avenant-6-telechargez-notre-memo\/#breadcrumb","itemListElement":[{"@type":"ListItem","position":1,"name":"Accueil","item":"https:\/\/journal.televitale.org\/infirmieres\/"},{"@type":"ListItem","position":2,"name":"Avenant 6 \u2013 T\u00e9l\u00e9chargez notre m\u00e9mo !"}]},{"@type":"WebSite","@id":"https:\/\/journal.televitale.org\/infirmieres\/#website","url":"https:\/\/journal.televitale.org\/infirmieres\/","name":"Infirmi\u00e8res","description":"","potentialAction":[{"@type":"SearchAction","target":{"@type":"EntryPoint","urlTemplate":"https:\/\/journal.televitale.org\/infirmieres\/?s={search_term_string}"},"query-input":{"@type":"PropertyValueSpecification","valueRequired":true,"valueName":"search_term_string"}}],"inLanguage":"fr-FR"},{"@type":"Person","@id":"https:\/\/journal.televitale.org\/infirmieres\/#\/schema\/person\/a49f287a8998f69d43caeb2d1ddd0531","name":"ldigennaro","image":{"@type":"ImageObject","inLanguage":"fr-FR","@id":"https:\/\/journal.televitale.org\/infirmieres\/#\/schema\/person\/image\/","url":"https:\/\/secure.gravatar.com\/avatar\/a68c2eaf7a8d7e660fd7ad58fbb9a28c?s=96&d=mm&r=g","contentUrl":"https:\/\/secure.gravatar.com\/avatar\/a68c2eaf7a8d7e660fd7ad58fbb9a28c?s=96&d=mm&r=g","caption":"ldigennaro"},"url":"https:\/\/journal.televitale.org\/infirmieres\/blog\/author\/ldigennaro\/"}]}},"_links":{"self":[{"href":"https:\/\/journal.televitale.org\/infirmieres\/wp-json\/wp\/v2\/posts\/10824","targetHints":{"allow":["GET"]}}],"collection":[{"href":"https:\/\/journal.televitale.org\/infirmieres\/wp-json\/wp\/v2\/posts"}],"about":[{"href":"https:\/\/journal.televitale.org\/infirmieres\/wp-json\/wp\/v2\/types\/post"}],"author":[{"embeddable":true,"href":"https:\/\/journal.televitale.org\/infirmieres\/wp-json\/wp\/v2\/users\/4"}],"replies":[{"embeddable":true,"href":"https:\/\/journal.televitale.org\/infirmieres\/wp-json\/wp\/v2\/comments?post=10824"}],"version-history":[{"count":1,"href":"https:\/\/journal.televitale.org\/infirmieres\/wp-json\/wp\/v2\/posts\/10824\/revisions"}],"predecessor-version":[{"id":10829,"href":"https:\/\/journal.televitale.org\/infirmieres\/wp-json\/wp\/v2\/posts\/10824\/revisions\/10829"}],"wp:featuredmedia":[{"embeddable":true,"href":"https:\/\/journal.televitale.org\/infirmieres\/wp-json\/wp\/v2\/media\/10831"}],"wp:attachment":[{"href":"https:\/\/journal.televitale.org\/infirmieres\/wp-json\/wp\/v2\/media?parent=10824"}],"wp:term":[{"taxonomy":"category","embeddable":true,"href":"https:\/\/journal.televitale.org\/infirmieres\/wp-json\/wp\/v2\/categories?post=10824"},{"taxonomy":"post_tag","embeddable":true,"href":"https:\/\/journal.televitale.org\/infirmieres\/wp-json\/wp\/v2\/tags?post=10824"}],"curies":[{"name":"wp","href":"https:\/\/api.w.org\/{rel}","templated":true}]}}