{"id":10975,"date":"2020-04-30T17:03:23","date_gmt":"2020-04-30T15:03:23","guid":{"rendered":"http:\/\/journal.televitale.org\/infirmieres\/?p=10975"},"modified":"2025-11-18T17:14:33","modified_gmt":"2025-11-18T16:14:33","slug":"la-gestion-du-covid-19-et-de-la-teleconsultation-dans-televitale","status":"publish","type":"post","link":"https:\/\/journal.televitale.org\/infirmieres\/blog\/2020\/04\/30\/la-gestion-du-covid-19-et-de-la-teleconsultation-dans-televitale\/","title":{"rendered":"[MISE \u00c0 JOUR] La gestion du COVID-19 et de la t\u00e9l\u00e9consultation dans T\u00e9l\u00e9vitale"},"content":{"rendered":"<p>Dans le contexte actuel de la gestion du\u00a0<strong>COVID-19,<\/strong>\u00a0le gouvernement encourage la t\u00e9l\u00e9consultation afin d\u2019assurer la continuit\u00e9 des soins et de limiter les risques de propagation du coronavirus.<\/p>\n<p><a href=\"https:\/\/journal.televitale.org\/infirmieres\/wp-content\/uploads\/sites\/12\/2020\/03\/covid19_accompagnement_teleconsult_inf.pdf\" target=\"_blank\" rel=\"noopener noreferrer\"><strong>La CNAM met \u00e0 disposition des infirmiers un guide d\u2019accompagnement \u00e0 la t\u00e9l\u00e9consultation que vous pouvez consulter et t\u00e9l\u00e9charger en cliquant ici.<\/strong><\/a><\/p>\n<p>Nous allons vous expliquer comment ajouter les actes :<\/p>\n<ul>\n<li>AMI 5.8<\/li>\n<li>AMI 3.2<\/li>\n<li>AMI 4.2<\/li>\n<\/ul>\n<ol>\n<li><strong><u>Ajout de l\u2019acte AMI 5.8<\/u><\/strong><\/li>\n<\/ol>\n<p>Pour ajouter l\u2019AMI 5.8 manuellement, il faut\u00a0:<\/p>\n<p>a) Cliquer en haut \u00e0 gauche sur le menu \u00ab\u00a0Fichiers-Actes\u00a0\u00bb<\/p>\n<p><img decoding=\"async\" class=\"alignnone size-full wp-image-10978\" src=\"https:\/\/journal.televitale.org\/infirmieres\/wp-content\/uploads\/sites\/12\/2020\/03\/1a.png\" alt=\"\" width=\"222\" height=\"214\" \/><\/p>\n<p>b) Cliquer \u00e0 droite sur le bouton <img decoding=\"async\" class=\"alignnone size-full wp-image-10988\" src=\"https:\/\/journal.televitale.org\/infirmieres\/wp-content\/uploads\/sites\/12\/2020\/03\/1b.png\" alt=\"\" width=\"46\" height=\"17\" \/><\/p>\n<p>c) Remplir les informations comme ci-dessous et valider par OK<\/p>\n<p><img fetchpriority=\"high\" decoding=\"async\" class=\"alignnone size-full wp-image-10993\" src=\"https:\/\/journal.televitale.org\/infirmieres\/wp-content\/uploads\/sites\/12\/2020\/03\/1c.jpg\" alt=\"\" width=\"889\" height=\"388\" srcset=\"https:\/\/journal.televitale.org\/infirmieres\/wp-content\/uploads\/sites\/12\/2020\/03\/1c.jpg 889w, https:\/\/journal.televitale.org\/infirmieres\/wp-content\/uploads\/sites\/12\/2020\/03\/1c-300x131.jpg 300w, https:\/\/journal.televitale.org\/infirmieres\/wp-content\/uploads\/sites\/12\/2020\/03\/1c-768x335.jpg 768w\" sizes=\"(max-width: 889px) 100vw, 889px\" \/><\/p>\n<p>Code = PRAD<br \/>\nPrestation = AMI<br \/>\nCoefficient\u00a0= 5.80<br \/>\nDescription = Surveillance clinique pour insuffisant cardiaque et bpco<\/p>\n<p>&nbsp;<\/p>\n<ol start=\"2\">\n<li><strong><u>Ajout de l\u2019acte AMI 3.2<\/u><\/strong><\/li>\n<\/ol>\n<p>Pour ajouter l\u2019AMI 3.2 manuellement, il faut\u00a0:<\/p>\n<p>a) Cliquer en haut \u00e0 gauche sur le menu \u00ab\u00a0Fichiers-Actes\u00a0\u00bb<\/p>\n<p><img loading=\"lazy\" decoding=\"async\" class=\"alignnone size-full wp-image-10982\" src=\"https:\/\/journal.televitale.org\/infirmieres\/wp-content\/uploads\/sites\/12\/2020\/03\/2a.png\" alt=\"\" width=\"222\" height=\"214\" \/><\/p>\n<p>b) Cliquer \u00e0 droite sur le bouton <img loading=\"lazy\" decoding=\"async\" class=\"alignnone size-full wp-image-10986\" src=\"https:\/\/journal.televitale.org\/infirmieres\/wp-content\/uploads\/sites\/12\/2020\/03\/2b.png\" alt=\"\" width=\"46\" height=\"17\" \/><\/p>\n<p>c) Remplir les informations comme ci-dessous et valider par OK<\/p>\n<p><img loading=\"lazy\" decoding=\"async\" class=\"alignnone size-full wp-image-10999\" src=\"https:\/\/journal.televitale.org\/infirmieres\/wp-content\/uploads\/sites\/12\/2020\/03\/2c-2.png\" alt=\"\" width=\"894\" height=\"390\" srcset=\"https:\/\/journal.televitale.org\/infirmieres\/wp-content\/uploads\/sites\/12\/2020\/03\/2c-2.png 894w, https:\/\/journal.televitale.org\/infirmieres\/wp-content\/uploads\/sites\/12\/2020\/03\/2c-2-300x131.png 300w, https:\/\/journal.televitale.org\/infirmieres\/wp-content\/uploads\/sites\/12\/2020\/03\/2c-2-768x335.png 768w\" sizes=\"(max-width: 894px) 100vw, 894px\" \/><\/p>\n<p>Code = C19<br \/>\nPrestation = AMI<br \/>\nCoefficient\u00a0= 3.20<br \/>\nDescription = T\u00e9l\u00e9suivi dans le cadre de l \u00e9pid\u00e9mie de Coronavirus Covid-19<\/p>\n<ol start=\"3\">\n<li><strong><u>Ajout de l\u2019acte AMI 4.2<\/u><\/strong><\/li>\n<\/ol>\n<p>Pour ajouter l\u2019AMI 4.2 manuellement, il faut :<\/p>\n<p>a) Cliquer en haut \u00e0 gauche sur le menu \u00ab\u00a0Fichiers-Actes\u00a0\u00bb<\/p>\n<p><img loading=\"lazy\" decoding=\"async\" class=\"alignnone size-full wp-image-10982\" src=\"https:\/\/journal.televitale.org\/infirmieres\/wp-content\/uploads\/sites\/12\/2020\/03\/2a.png\" alt=\"\" width=\"222\" height=\"214\" \/><\/p>\n<p>b) Cliquer \u00e0 droite sur le bouton <img loading=\"lazy\" decoding=\"async\" class=\"alignnone size-full wp-image-10986\" src=\"https:\/\/journal.televitale.org\/infirmieres\/wp-content\/uploads\/sites\/12\/2020\/03\/2b.png\" alt=\"\" width=\"46\" height=\"17\" \/><\/p>\n<p>c) Remplir les informations comme ci-dessous et valider par OK<\/p>\n<p><img loading=\"lazy\" decoding=\"async\" class=\"alignnone size-full wp-image-11015\" src=\"https:\/\/journal.televitale.org\/infirmieres\/wp-content\/uploads\/sites\/12\/2020\/03\/ami42-3.png\" alt=\"\" width=\"1076\" height=\"471\" srcset=\"https:\/\/journal.televitale.org\/infirmieres\/wp-content\/uploads\/sites\/12\/2020\/03\/ami42-3.png 1076w, https:\/\/journal.televitale.org\/infirmieres\/wp-content\/uploads\/sites\/12\/2020\/03\/ami42-3-300x131.png 300w, https:\/\/journal.televitale.org\/infirmieres\/wp-content\/uploads\/sites\/12\/2020\/03\/ami42-3-768x336.png 768w, https:\/\/journal.televitale.org\/infirmieres\/wp-content\/uploads\/sites\/12\/2020\/03\/ami42-3-1024x448.png 1024w\" sizes=\"(max-width: 1076px) 100vw, 1076px\" \/><\/p>\n","protected":false},"excerpt":{"rendered":"<p>Dans le contexte actuel de la gestion du\u00a0COVID-19,\u00a0le gouvernement encourage la t\u00e9l\u00e9consultation afin d\u2019assurer la continuit\u00e9 des soins et de limiter les risques de propagation du coronavirus. La CNAM met \u00e0 disposition des infirmiers un guide d\u2019accompagnement \u00e0 la t\u00e9l\u00e9consultation que vous pouvez consulter et t\u00e9l\u00e9charger en cliquant ici. Nous allons vous expliquer comment ajouter [&hellip;]<\/p>\n","protected":false},"author":4,"featured_media":10991,"comment_status":"closed","ping_status":"closed","sticky":false,"template":"","format":"standard","meta":{"footnotes":""},"categories":[57,58,59,56],"tags":[],"class_list":["post-10975","post","type-post","status-publish","format-standard","has-post-thumbnail","hentry","category-infotech","category-faq-top-10","category-techniques","category-a-la-une"],"yoast_head":"<!-- This site is optimized with the Yoast SEO plugin v24.1 - https:\/\/yoast.com\/wordpress\/plugins\/seo\/ -->\n<title>[MISE \u00c0 JOUR] La gestion du COVID-19 et de la t\u00e9l\u00e9consultation dans T\u00e9l\u00e9vitale - Infirmi\u00e8res<\/title>\n<meta name=\"robots\" content=\"noindex, follow, max-snippet:-1, max-image-preview:large, max-video-preview:-1\" \/>\n<meta property=\"og:locale\" content=\"fr_FR\" \/>\n<meta property=\"og:type\" content=\"article\" \/>\n<meta property=\"og:title\" content=\"[MISE \u00c0 JOUR] La gestion du COVID-19 et de la t\u00e9l\u00e9consultation dans T\u00e9l\u00e9vitale - Infirmi\u00e8res\" \/>\n<meta property=\"og:description\" content=\"Dans le contexte actuel de la gestion du\u00a0COVID-19,\u00a0le gouvernement encourage la t\u00e9l\u00e9consultation afin d\u2019assurer la continuit\u00e9 des soins et de limiter les risques de propagation du coronavirus. La CNAM met \u00e0 disposition des infirmiers un guide d\u2019accompagnement \u00e0 la t\u00e9l\u00e9consultation que vous pouvez consulter et t\u00e9l\u00e9charger en cliquant ici. Nous allons vous expliquer comment ajouter [&hellip;]\" \/>\n<meta property=\"og:url\" content=\"https:\/\/journal.televitale.org\/infirmieres\/blog\/2020\/04\/30\/la-gestion-du-covid-19-et-de-la-teleconsultation-dans-televitale\/\" \/>\n<meta property=\"og:site_name\" content=\"Infirmi\u00e8res\" \/>\n<meta property=\"article:published_time\" content=\"2020-04-30T15:03:23+00:00\" \/>\n<meta property=\"article:modified_time\" content=\"2025-11-18T16:14:33+00:00\" \/>\n<meta property=\"og:image\" content=\"https:\/\/journal.televitale.org\/infirmieres\/wp-content\/uploads\/sites\/12\/2020\/03\/teleconsult_inf_tv.jpg\" \/>\n\t<meta property=\"og:image:width\" content=\"350\" \/>\n\t<meta property=\"og:image:height\" content=\"172\" \/>\n\t<meta property=\"og:image:type\" content=\"image\/jpeg\" \/>\n<meta name=\"author\" content=\"ldigennaro\" \/>\n<meta name=\"twitter:card\" content=\"summary_large_image\" \/>\n<meta name=\"twitter:label1\" content=\"\u00c9crit par\" \/>\n\t<meta name=\"twitter:data1\" content=\"ldigennaro\" \/>\n\t<meta name=\"twitter:label2\" content=\"Dur\u00e9e de lecture estim\u00e9e\" \/>\n\t<meta name=\"twitter:data2\" content=\"1 minute\" \/>\n<script type=\"application\/ld+json\" class=\"yoast-schema-graph\">{\"@context\":\"https:\/\/schema.org\",\"@graph\":[{\"@type\":\"WebPage\",\"@id\":\"https:\/\/journal.televitale.org\/infirmieres\/blog\/2020\/04\/30\/la-gestion-du-covid-19-et-de-la-teleconsultation-dans-televitale\/\",\"url\":\"https:\/\/journal.televitale.org\/infirmieres\/blog\/2020\/04\/30\/la-gestion-du-covid-19-et-de-la-teleconsultation-dans-televitale\/\",\"name\":\"[MISE \u00c0 JOUR] La gestion du COVID-19 et de la t\u00e9l\u00e9consultation dans T\u00e9l\u00e9vitale - Infirmi\u00e8res\",\"isPartOf\":{\"@id\":\"https:\/\/journal.televitale.org\/infirmieres\/#website\"},\"primaryImageOfPage\":{\"@id\":\"https:\/\/journal.televitale.org\/infirmieres\/blog\/2020\/04\/30\/la-gestion-du-covid-19-et-de-la-teleconsultation-dans-televitale\/#primaryimage\"},\"image\":{\"@id\":\"https:\/\/journal.televitale.org\/infirmieres\/blog\/2020\/04\/30\/la-gestion-du-covid-19-et-de-la-teleconsultation-dans-televitale\/#primaryimage\"},\"thumbnailUrl\":\"https:\/\/journal.televitale.org\/infirmieres\/wp-content\/uploads\/sites\/12\/2020\/03\/teleconsult_inf_tv.jpg\",\"datePublished\":\"2020-04-30T15:03:23+00:00\",\"dateModified\":\"2025-11-18T16:14:33+00:00\",\"author\":{\"@id\":\"https:\/\/journal.televitale.org\/infirmieres\/#\/schema\/person\/a49f287a8998f69d43caeb2d1ddd0531\"},\"breadcrumb\":{\"@id\":\"https:\/\/journal.televitale.org\/infirmieres\/blog\/2020\/04\/30\/la-gestion-du-covid-19-et-de-la-teleconsultation-dans-televitale\/#breadcrumb\"},\"inLanguage\":\"fr-FR\",\"potentialAction\":[{\"@type\":\"ReadAction\",\"target\":[\"https:\/\/journal.televitale.org\/infirmieres\/blog\/2020\/04\/30\/la-gestion-du-covid-19-et-de-la-teleconsultation-dans-televitale\/\"]}]},{\"@type\":\"ImageObject\",\"inLanguage\":\"fr-FR\",\"@id\":\"https:\/\/journal.televitale.org\/infirmieres\/blog\/2020\/04\/30\/la-gestion-du-covid-19-et-de-la-teleconsultation-dans-televitale\/#primaryimage\",\"url\":\"https:\/\/journal.televitale.org\/infirmieres\/wp-content\/uploads\/sites\/12\/2020\/03\/teleconsult_inf_tv.jpg\",\"contentUrl\":\"https:\/\/journal.televitale.org\/infirmieres\/wp-content\/uploads\/sites\/12\/2020\/03\/teleconsult_inf_tv.jpg\",\"width\":350,\"height\":172},{\"@type\":\"BreadcrumbList\",\"@id\":\"https:\/\/journal.televitale.org\/infirmieres\/blog\/2020\/04\/30\/la-gestion-du-covid-19-et-de-la-teleconsultation-dans-televitale\/#breadcrumb\",\"itemListElement\":[{\"@type\":\"ListItem\",\"position\":1,\"name\":\"Accueil\",\"item\":\"https:\/\/journal.televitale.org\/infirmieres\/\"},{\"@type\":\"ListItem\",\"position\":2,\"name\":\"[MISE \u00c0 JOUR] La gestion du COVID-19 et de la t\u00e9l\u00e9consultation dans T\u00e9l\u00e9vitale\"}]},{\"@type\":\"WebSite\",\"@id\":\"https:\/\/journal.televitale.org\/infirmieres\/#website\",\"url\":\"https:\/\/journal.televitale.org\/infirmieres\/\",\"name\":\"Infirmi\u00e8res\",\"description\":\"\",\"potentialAction\":[{\"@type\":\"SearchAction\",\"target\":{\"@type\":\"EntryPoint\",\"urlTemplate\":\"https:\/\/journal.televitale.org\/infirmieres\/?s={search_term_string}\"},\"query-input\":{\"@type\":\"PropertyValueSpecification\",\"valueRequired\":true,\"valueName\":\"search_term_string\"}}],\"inLanguage\":\"fr-FR\"},{\"@type\":\"Person\",\"@id\":\"https:\/\/journal.televitale.org\/infirmieres\/#\/schema\/person\/a49f287a8998f69d43caeb2d1ddd0531\",\"name\":\"ldigennaro\",\"image\":{\"@type\":\"ImageObject\",\"inLanguage\":\"fr-FR\",\"@id\":\"https:\/\/journal.televitale.org\/infirmieres\/#\/schema\/person\/image\/\",\"url\":\"https:\/\/secure.gravatar.com\/avatar\/a68c2eaf7a8d7e660fd7ad58fbb9a28c?s=96&d=mm&r=g\",\"contentUrl\":\"https:\/\/secure.gravatar.com\/avatar\/a68c2eaf7a8d7e660fd7ad58fbb9a28c?s=96&d=mm&r=g\",\"caption\":\"ldigennaro\"},\"url\":\"https:\/\/journal.televitale.org\/infirmieres\/blog\/author\/ldigennaro\/\"}]}<\/script>\n<!-- \/ Yoast SEO plugin. -->","yoast_head_json":{"title":"[MISE \u00c0 JOUR] La gestion du COVID-19 et de la t\u00e9l\u00e9consultation dans T\u00e9l\u00e9vitale - Infirmi\u00e8res","robots":{"index":"noindex","follow":"follow","max-snippet":"max-snippet:-1","max-image-preview":"max-image-preview:large","max-video-preview":"max-video-preview:-1"},"og_locale":"fr_FR","og_type":"article","og_title":"[MISE \u00c0 JOUR] La gestion du COVID-19 et de la t\u00e9l\u00e9consultation dans T\u00e9l\u00e9vitale - Infirmi\u00e8res","og_description":"Dans le contexte actuel de la gestion du\u00a0COVID-19,\u00a0le gouvernement encourage la t\u00e9l\u00e9consultation afin d\u2019assurer la continuit\u00e9 des soins et de limiter les risques de propagation du coronavirus. La CNAM met \u00e0 disposition des infirmiers un guide d\u2019accompagnement \u00e0 la t\u00e9l\u00e9consultation que vous pouvez consulter et t\u00e9l\u00e9charger en cliquant ici. Nous allons vous expliquer comment ajouter [&hellip;]","og_url":"https:\/\/journal.televitale.org\/infirmieres\/blog\/2020\/04\/30\/la-gestion-du-covid-19-et-de-la-teleconsultation-dans-televitale\/","og_site_name":"Infirmi\u00e8res","article_published_time":"2020-04-30T15:03:23+00:00","article_modified_time":"2025-11-18T16:14:33+00:00","og_image":[{"width":350,"height":172,"url":"https:\/\/journal.televitale.org\/infirmieres\/wp-content\/uploads\/sites\/12\/2020\/03\/teleconsult_inf_tv.jpg","type":"image\/jpeg"}],"author":"ldigennaro","twitter_card":"summary_large_image","twitter_misc":{"\u00c9crit par":"ldigennaro","Dur\u00e9e de lecture estim\u00e9e":"1 minute"},"schema":{"@context":"https:\/\/schema.org","@graph":[{"@type":"WebPage","@id":"https:\/\/journal.televitale.org\/infirmieres\/blog\/2020\/04\/30\/la-gestion-du-covid-19-et-de-la-teleconsultation-dans-televitale\/","url":"https:\/\/journal.televitale.org\/infirmieres\/blog\/2020\/04\/30\/la-gestion-du-covid-19-et-de-la-teleconsultation-dans-televitale\/","name":"[MISE \u00c0 JOUR] La gestion du COVID-19 et de la t\u00e9l\u00e9consultation dans T\u00e9l\u00e9vitale - Infirmi\u00e8res","isPartOf":{"@id":"https:\/\/journal.televitale.org\/infirmieres\/#website"},"primaryImageOfPage":{"@id":"https:\/\/journal.televitale.org\/infirmieres\/blog\/2020\/04\/30\/la-gestion-du-covid-19-et-de-la-teleconsultation-dans-televitale\/#primaryimage"},"image":{"@id":"https:\/\/journal.televitale.org\/infirmieres\/blog\/2020\/04\/30\/la-gestion-du-covid-19-et-de-la-teleconsultation-dans-televitale\/#primaryimage"},"thumbnailUrl":"https:\/\/journal.televitale.org\/infirmieres\/wp-content\/uploads\/sites\/12\/2020\/03\/teleconsult_inf_tv.jpg","datePublished":"2020-04-30T15:03:23+00:00","dateModified":"2025-11-18T16:14:33+00:00","author":{"@id":"https:\/\/journal.televitale.org\/infirmieres\/#\/schema\/person\/a49f287a8998f69d43caeb2d1ddd0531"},"breadcrumb":{"@id":"https:\/\/journal.televitale.org\/infirmieres\/blog\/2020\/04\/30\/la-gestion-du-covid-19-et-de-la-teleconsultation-dans-televitale\/#breadcrumb"},"inLanguage":"fr-FR","potentialAction":[{"@type":"ReadAction","target":["https:\/\/journal.televitale.org\/infirmieres\/blog\/2020\/04\/30\/la-gestion-du-covid-19-et-de-la-teleconsultation-dans-televitale\/"]}]},{"@type":"ImageObject","inLanguage":"fr-FR","@id":"https:\/\/journal.televitale.org\/infirmieres\/blog\/2020\/04\/30\/la-gestion-du-covid-19-et-de-la-teleconsultation-dans-televitale\/#primaryimage","url":"https:\/\/journal.televitale.org\/infirmieres\/wp-content\/uploads\/sites\/12\/2020\/03\/teleconsult_inf_tv.jpg","contentUrl":"https:\/\/journal.televitale.org\/infirmieres\/wp-content\/uploads\/sites\/12\/2020\/03\/teleconsult_inf_tv.jpg","width":350,"height":172},{"@type":"BreadcrumbList","@id":"https:\/\/journal.televitale.org\/infirmieres\/blog\/2020\/04\/30\/la-gestion-du-covid-19-et-de-la-teleconsultation-dans-televitale\/#breadcrumb","itemListElement":[{"@type":"ListItem","position":1,"name":"Accueil","item":"https:\/\/journal.televitale.org\/infirmieres\/"},{"@type":"ListItem","position":2,"name":"[MISE \u00c0 JOUR] La gestion du COVID-19 et de la t\u00e9l\u00e9consultation dans T\u00e9l\u00e9vitale"}]},{"@type":"WebSite","@id":"https:\/\/journal.televitale.org\/infirmieres\/#website","url":"https:\/\/journal.televitale.org\/infirmieres\/","name":"Infirmi\u00e8res","description":"","potentialAction":[{"@type":"SearchAction","target":{"@type":"EntryPoint","urlTemplate":"https:\/\/journal.televitale.org\/infirmieres\/?s={search_term_string}"},"query-input":{"@type":"PropertyValueSpecification","valueRequired":true,"valueName":"search_term_string"}}],"inLanguage":"fr-FR"},{"@type":"Person","@id":"https:\/\/journal.televitale.org\/infirmieres\/#\/schema\/person\/a49f287a8998f69d43caeb2d1ddd0531","name":"ldigennaro","image":{"@type":"ImageObject","inLanguage":"fr-FR","@id":"https:\/\/journal.televitale.org\/infirmieres\/#\/schema\/person\/image\/","url":"https:\/\/secure.gravatar.com\/avatar\/a68c2eaf7a8d7e660fd7ad58fbb9a28c?s=96&d=mm&r=g","contentUrl":"https:\/\/secure.gravatar.com\/avatar\/a68c2eaf7a8d7e660fd7ad58fbb9a28c?s=96&d=mm&r=g","caption":"ldigennaro"},"url":"https:\/\/journal.televitale.org\/infirmieres\/blog\/author\/ldigennaro\/"}]}},"_links":{"self":[{"href":"https:\/\/journal.televitale.org\/infirmieres\/wp-json\/wp\/v2\/posts\/10975","targetHints":{"allow":["GET"]}}],"collection":[{"href":"https:\/\/journal.televitale.org\/infirmieres\/wp-json\/wp\/v2\/posts"}],"about":[{"href":"https:\/\/journal.televitale.org\/infirmieres\/wp-json\/wp\/v2\/types\/post"}],"author":[{"embeddable":true,"href":"https:\/\/journal.televitale.org\/infirmieres\/wp-json\/wp\/v2\/users\/4"}],"replies":[{"embeddable":true,"href":"https:\/\/journal.televitale.org\/infirmieres\/wp-json\/wp\/v2\/comments?post=10975"}],"version-history":[{"count":6,"href":"https:\/\/journal.televitale.org\/infirmieres\/wp-json\/wp\/v2\/posts\/10975\/revisions"}],"predecessor-version":[{"id":11017,"href":"https:\/\/journal.televitale.org\/infirmieres\/wp-json\/wp\/v2\/posts\/10975\/revisions\/11017"}],"wp:featuredmedia":[{"embeddable":true,"href":"https:\/\/journal.televitale.org\/infirmieres\/wp-json\/wp\/v2\/media\/10991"}],"wp:attachment":[{"href":"https:\/\/journal.televitale.org\/infirmieres\/wp-json\/wp\/v2\/media?parent=10975"}],"wp:term":[{"taxonomy":"category","embeddable":true,"href":"https:\/\/journal.televitale.org\/infirmieres\/wp-json\/wp\/v2\/categories?post=10975"},{"taxonomy":"post_tag","embeddable":true,"href":"https:\/\/journal.televitale.org\/infirmieres\/wp-json\/wp\/v2\/tags?post=10975"}],"curies":[{"name":"wp","href":"https:\/\/api.w.org\/{rel}","templated":true}]}}