{"id":11018,"date":"2020-05-07T14:32:07","date_gmt":"2020-05-07T12:32:07","guid":{"rendered":"http:\/\/journal.televitale.org\/infirmieres\/?p=11018"},"modified":"2025-11-18T17:14:33","modified_gmt":"2025-11-18T16:14:33","slug":"covid-19-les-mesures-derogatoires-pour-les-soins-infirmiers-en-ehpad","status":"publish","type":"post","link":"https:\/\/journal.televitale.org\/infirmieres\/blog\/2020\/05\/07\/covid-19-les-mesures-derogatoires-pour-les-soins-infirmiers-en-ehpad\/","title":{"rendered":"Covid-19 : les mesures d\u00e9rogatoires pour les soins infirmiers en EHPAD"},"content":{"rendered":"<h3><span style=\"color: #ff0000;\">INFORMATION !! : FIN DES MESURES D\u00c9ROGATOIRES EN EHPAD A PARTIR DU 10 JUIN 2020<\/span><\/h3>\n<p>Cliquez sur ce lien pour voir la fiche d\u2019information de l\u2019assurance Maladie : <a href=\"https:\/\/journal.televitale.org\/infirmieres\/wp-content\/uploads\/sites\/12\/2020\/05\/COVID-19-INF-MED-EHPAD_v01.07.pdf\" target=\"_blank\" rel=\"noopener noreferrer\">COVID-19 \u2013 EHPAD_v01.07<\/a><\/p>\n<h3>Majoration d&rsquo;acte pour patient en EHPAD<\/h3>\n<p><a href=\"https:\/\/www.ameli.fr\/alpes-maritimes\/infirmier\/actualites\/covid-19-les-mesures-derogatoires-pour-les-soins-infirmiers-en-ehpad\" target=\"_blank\" rel=\"noopener noreferrer\">Cliquez ici pour consulter la source sur Ameli.fr<\/a><\/p>\n<p>\u00c0 titre exceptionnel, les infirmiers sont autoris\u00e9s \u00e0 facturer syst\u00e9matiquement pour chaque s\u00e9ance de soins aupr\u00e8s d\u2019un patient une \u00ab majoration \u00bb\u00a0 ou\u00a0 \u00ab compl\u00e9ment de cotation \u00bb correspondant :<\/p>\n<ul>\n<li>\u00e0 un AMI ou AMX 2,7, soit un montant compl\u00e9mentaire de 8,50 \u20ac si l\u2019acte r\u00e9alis\u00e9 correspond \u00e0 un AMI ou AMX ;<\/li>\n<li>ou \u00e0 un AIS 3,2, soit un montant compl\u00e9mentaire de 8,50 \u20ac si l\u2019acte r\u00e9alis\u00e9 correspond \u00e0 un AIS.<\/li>\n<\/ul>\n<p>Cela correspond au montant de la majoration dimanche et jours f\u00e9ri\u00e9s qu\u2019il avait \u00e9t\u00e9 pr\u00e9c\u00e9demment autoris\u00e9 de coter. Ces nouvelles modalit\u00e9s de facturation d\u00e9rogatoires ont ainsi \u00e9t\u00e9 pr\u00e9f\u00e9r\u00e9es \u00e0 la facturation syst\u00e9matique de la majoration dimanche et jours f\u00e9ri\u00e9s.<\/p>\n<p>En pratique, l\u2019infirmier ne cote pas d\u2019acte sp\u00e9cifique ni une majoration dimanche et jours f\u00e9ri\u00e9s (m\u00eame si le montant est identique), mais il majore la cotation de l\u2019acte principal (celui dont la cotation est la plus \u00e9lev\u00e9e) r\u00e9alis\u00e9 en ajoutant le coefficient n\u00e9cessaire (AMI\/AMX 2,7 ou AIS 3,2).<\/p>\n<p>Ce compl\u00e9ment de cotation est facturable quel que soit le jour de la semaine et quel que soit l\u2019horaire d\u2019intervention de l\u2019infirmier.<\/p>\n<p>Exemple : Si l\u2019acte r\u00e9alis\u00e9 par l\u2019infirmier correspond \u00e0 un AMI 4, alors<\/p>\n<ul>\n<li>il peut coter AMI 4 + 2,7 soit AMI 6,7\u00a0;&rsquo;<\/li>\n<li>si cet AMI 4 est r\u00e9alis\u00e9 un dimanche, il peut coter AMI 6,7 + une majoration dimanche ;<\/li>\n<li>si cet AMI 4 est r\u00e9alis\u00e9 \u00e0 22\u00a0h, il peut coter AMI 6,7+ une majoration nuit ;<\/li>\n<li>si cet AMI 4 est r\u00e9alis\u00e9 \u00e0 2\u00a0h, il peut coter AMI 6,7 + une majoration nuit profonde.<\/li>\n<\/ul>\n<p>Si l\u2019acte principal est un AIS : on ajoute AIS 3,2 en m\u00e9tropole. Pour les DOM, les \u00ab\u00a0compl\u00e9ments de cotations\u00a0\u00bb AMI\/AMX s\u2019\u00e9l\u00e8vent \u00e0 2,58\u00a0 et les \u00ab\u00a0compl\u00e9ments de cotations\u00a0\u00bb AIS \u00e0 3,15.<\/p>\n<p>Si deux actes sont r\u00e9alis\u00e9s par l\u2019infirmier correspondant \u00e0 un AMI 4 et un AMI 1,5, seule la cotation de l\u2019acte en AMI 4 est major\u00e9e de 2,7.<\/p>\n<h3>Majoration de d\u00e9placement<\/h3>\n<p>\u00c0 titre exceptionnel, les infirmiers sont \u00e9galement autoris\u00e9s \u00e0 facturer syst\u00e9matiquement pour chaque s\u00e9ance de soins aupr\u00e8s d\u2019un patient de SSIAD\/SPASAD et d\u2019EHPAD la majoration de d\u00e9placement IFD (+\/- IK). Elle peut \u00eatre factur\u00e9e pour\u00a03 patients au maximum en EHPAD ou en \u00e9tablissement ou service m\u00e9dico-social (ESMS) h\u00e9bergeant des personnes handicap\u00e9es (dans le cas o\u00f9 l\u2019infirmier assure la prise en charge de plusieurs patients au cours d\u2019une m\u00eame visite dans l&rsquo;\u00e9tablissement). L\u2019IFD ne s\u2019applique donc pas au-del\u00e0 du 3e patient pris en charge.<\/p>\n<h3>Dur\u00e9e de la p\u00e9riode d\u00e9rogatoire<\/h3>\n<p>La p\u00e9riode transitoire de facturation d\u00e9rogatoire des actes infirmiers a d\u00e9marr\u00e9 le vendredi 12\u00a0mars\u00a02020 dans les EHPAD et SSIAD\/SPASAD, comme dans les autres ESMS. Cependant, en raison du d\u00e9marrage de l\u2019\u00e9pid\u00e9mie dans la r\u00e9gion Grand-Est plus pr\u00e9coce qu\u2019ailleurs, la facturation de ces actes \u00e0 l\u2019Assurance Maladie est admise \u00e0 compter du vendredi\u00a06\u00a0mars\u00a02020.<\/p>\n<p>Les facturations rectificatives pour les soins d\u00e9j\u00e0 factur\u00e9s sont admises a posteriori et ce pendant la dur\u00e9e r\u00e9glementaire de prescription, soit un an \u00e0 compter de la date de soins.<\/p>\n<p>Voir le document en cliquant sur le lien suivant : <a href=\"https:\/\/www.ameli.fr\/sites\/default\/files\/Documents\/677740\/document\/fiche-appui-ps-ville_ehpad_covid-19.pdf\" target=\"_blank\" rel=\"noopener noreferrer\">Fiche-appui-ps-ville_ehpad_covid-19.pdf<\/a><\/p>\n<ol>\n<li><strong><u>Ajout de l\u2019acte AMI 2.7<\/u><\/strong><\/li>\n<\/ol>\n<p>Pour ajouter l\u2019AMI 2.7 manuellement, il faut :<\/p>\n<p>a) Cliquer en haut \u00e0 gauche sur le menu \u00ab\u00a0Fichiers-Actes\u00a0\u00bb<\/p>\n<p><img decoding=\"async\" class=\"alignnone size-full wp-image-10978\" src=\"https:\/\/journal.televitale.org\/infirmieres\/wp-content\/uploads\/sites\/12\/2020\/03\/1a.png\" alt=\"\" width=\"222\" height=\"214\" \/><\/p>\n<p>b) Cliquer \u00e0 droite sur le bouton <img decoding=\"async\" class=\"alignnone size-full wp-image-10988\" src=\"https:\/\/journal.televitale.org\/infirmieres\/wp-content\/uploads\/sites\/12\/2020\/03\/1b.png\" alt=\"\" width=\"46\" height=\"17\" \/><\/p>\n<p>c) Remplir les informations comme ci-dessous et valider par OK<\/p>\n<p><img decoding=\"async\" class=\"alignnone size-full wp-image-11019\" src=\"https:\/\/journal.televitale.org\/infirmieres\/wp-content\/uploads\/sites\/12\/2020\/05\/27.png\" alt=\"\" width=\"894\" srcset=\"https:\/\/journal.televitale.org\/infirmieres\/wp-content\/uploads\/sites\/12\/2020\/05\/27.png 965w, https:\/\/journal.televitale.org\/infirmieres\/wp-content\/uploads\/sites\/12\/2020\/05\/27-300x132.png 300w, https:\/\/journal.televitale.org\/infirmieres\/wp-content\/uploads\/sites\/12\/2020\/05\/27-768x337.png 768w\" sizes=\"(max-width: 965px) 100vw, 965px\" \/><\/p>\n<p>Code = DNF1<br \/>\nPrestation = AMI<br \/>\nCoefficient = 2.70<br \/>\nDescription = Majoration COVID compl\u00e9mentaire AMI pour les patient en EPHAD ou ESMS<\/p>\n<p>&nbsp;<\/p>\n<ol start=\"2\">\n<li><strong><u>Ajout de l\u2019acte AIS 3.2<\/u><\/strong><\/li>\n<\/ol>\n<p>Pour ajouter l&rsquo;AIS 3.2 manuellement, il faut :<\/p>\n<p>a) Cliquer en haut \u00e0 gauche sur le menu \u00ab\u00a0Fichiers-Actes\u00a0\u00bb<\/p>\n<p><img decoding=\"async\" class=\"alignnone size-full wp-image-10982\" src=\"https:\/\/journal.televitale.org\/infirmieres\/wp-content\/uploads\/sites\/12\/2020\/03\/2a.png\" alt=\"\" width=\"222\" height=\"214\" \/><\/p>\n<p>b) Cliquer \u00e0 droite sur le bouton <img loading=\"lazy\" decoding=\"async\" class=\"alignnone size-full wp-image-10986\" src=\"https:\/\/journal.televitale.org\/infirmieres\/wp-content\/uploads\/sites\/12\/2020\/03\/2b.png\" alt=\"\" width=\"46\" height=\"17\" \/><\/p>\n<p>c) Remplir les informations comme ci-dessous et valider par OK<\/p>\n<p><img decoding=\"async\" class=\"alignnone size-full wp-image-11021\" src=\"https:\/\/journal.televitale.org\/infirmieres\/wp-content\/uploads\/sites\/12\/2020\/05\/ais32.png\" alt=\"\" width=\"894\" srcset=\"https:\/\/journal.televitale.org\/infirmieres\/wp-content\/uploads\/sites\/12\/2020\/05\/ais32.png 1329w, https:\/\/journal.televitale.org\/infirmieres\/wp-content\/uploads\/sites\/12\/2020\/05\/ais32-300x131.png 300w, https:\/\/journal.televitale.org\/infirmieres\/wp-content\/uploads\/sites\/12\/2020\/05\/ais32-768x336.png 768w, https:\/\/journal.televitale.org\/infirmieres\/wp-content\/uploads\/sites\/12\/2020\/05\/ais32-1024x448.png 1024w\" sizes=\"(max-width: 1329px) 100vw, 1329px\" \/><\/p>\n<p>Code = DNF2<br \/>\nPrestation = AIS<br \/>\nCoefficient\u00a0= 3.20<br \/>\nDescription = Majoration COVID compl\u00e9mentaire AIS pour les patient en EPHAD ou ESMS<\/p>\n","protected":false},"excerpt":{"rendered":"<p>INFORMATION !! : FIN DES MESURES D\u00c9ROGATOIRES EN EHPAD A PARTIR DU 10 JUIN 2020 Cliquez sur ce lien pour voir la fiche d\u2019information de l\u2019assurance Maladie : COVID-19 \u2013 EHPAD_v01.07 Majoration d&rsquo;acte pour patient en EHPAD Cliquez ici pour consulter la source sur Ameli.fr \u00c0 titre exceptionnel, les infirmiers sont autoris\u00e9s \u00e0 facturer syst\u00e9matiquement [&hellip;]<\/p>\n","protected":false},"author":4,"featured_media":11023,"comment_status":"closed","ping_status":"closed","sticky":false,"template":"","format":"standard","meta":{"footnotes":""},"categories":[55,56],"tags":[84,85,86,87,88,89,90],"class_list":["post-11018","post","type-post","status-publish","format-standard","has-post-thumbnail","hentry","category-actualites","category-a-la-une","tag-covid","tag-covid-19","tag-coronavirus","tag-ehpad","tag-cotation","tag-ais-3-2","tag-ami-2-7"],"yoast_head":"<!-- This site is optimized with the Yoast SEO plugin v24.1 - https:\/\/yoast.com\/wordpress\/plugins\/seo\/ -->\n<title>Covid-19 : les mesures d\u00e9rogatoires pour les soins infirmiers en EHPAD - Infirmi\u00e8res<\/title>\n<meta name=\"robots\" content=\"noindex, follow, max-snippet:-1, max-image-preview:large, max-video-preview:-1\" \/>\n<meta property=\"og:locale\" content=\"fr_FR\" \/>\n<meta property=\"og:type\" content=\"article\" \/>\n<meta property=\"og:title\" content=\"Covid-19 : les mesures d\u00e9rogatoires pour les soins infirmiers en EHPAD - Infirmi\u00e8res\" \/>\n<meta property=\"og:description\" content=\"INFORMATION !! : FIN DES MESURES D\u00c9ROGATOIRES EN EHPAD A PARTIR DU 10 JUIN 2020 Cliquez sur ce lien pour voir la fiche d\u2019information de l\u2019assurance Maladie : COVID-19 \u2013 EHPAD_v01.07 Majoration d&rsquo;acte pour patient en EHPAD Cliquez ici pour consulter la source sur Ameli.fr \u00c0 titre exceptionnel, les infirmiers sont autoris\u00e9s \u00e0 facturer syst\u00e9matiquement [&hellip;]\" \/>\n<meta property=\"og:url\" content=\"https:\/\/journal.televitale.org\/infirmieres\/blog\/2020\/05\/07\/covid-19-les-mesures-derogatoires-pour-les-soins-infirmiers-en-ehpad\/\" \/>\n<meta property=\"og:site_name\" content=\"Infirmi\u00e8res\" \/>\n<meta property=\"article:published_time\" content=\"2020-05-07T12:32:07+00:00\" \/>\n<meta property=\"article:modified_time\" content=\"2025-11-18T16:14:33+00:00\" \/>\n<meta property=\"og:image\" content=\"https:\/\/journal.televitale.org\/infirmieres\/wp-content\/uploads\/sites\/12\/2020\/05\/ehpad_covid_inf_tv.jpg\" \/>\n\t<meta property=\"og:image:width\" content=\"350\" \/>\n\t<meta property=\"og:image:height\" content=\"172\" \/>\n\t<meta property=\"og:image:type\" content=\"image\/jpeg\" \/>\n<meta name=\"author\" content=\"ldigennaro\" \/>\n<meta name=\"twitter:card\" content=\"summary_large_image\" \/>\n<meta name=\"twitter:label1\" content=\"\u00c9crit par\" \/>\n\t<meta name=\"twitter:data1\" content=\"ldigennaro\" \/>\n\t<meta name=\"twitter:label2\" content=\"Dur\u00e9e de lecture estim\u00e9e\" \/>\n\t<meta name=\"twitter:data2\" content=\"3 minutes\" \/>\n<script type=\"application\/ld+json\" class=\"yoast-schema-graph\">{\"@context\":\"https:\/\/schema.org\",\"@graph\":[{\"@type\":\"WebPage\",\"@id\":\"https:\/\/journal.televitale.org\/infirmieres\/blog\/2020\/05\/07\/covid-19-les-mesures-derogatoires-pour-les-soins-infirmiers-en-ehpad\/\",\"url\":\"https:\/\/journal.televitale.org\/infirmieres\/blog\/2020\/05\/07\/covid-19-les-mesures-derogatoires-pour-les-soins-infirmiers-en-ehpad\/\",\"name\":\"Covid-19 : les mesures d\u00e9rogatoires pour les soins infirmiers en EHPAD - Infirmi\u00e8res\",\"isPartOf\":{\"@id\":\"https:\/\/journal.televitale.org\/infirmieres\/#website\"},\"primaryImageOfPage\":{\"@id\":\"https:\/\/journal.televitale.org\/infirmieres\/blog\/2020\/05\/07\/covid-19-les-mesures-derogatoires-pour-les-soins-infirmiers-en-ehpad\/#primaryimage\"},\"image\":{\"@id\":\"https:\/\/journal.televitale.org\/infirmieres\/blog\/2020\/05\/07\/covid-19-les-mesures-derogatoires-pour-les-soins-infirmiers-en-ehpad\/#primaryimage\"},\"thumbnailUrl\":\"https:\/\/journal.televitale.org\/infirmieres\/wp-content\/uploads\/sites\/12\/2020\/05\/ehpad_covid_inf_tv.jpg\",\"datePublished\":\"2020-05-07T12:32:07+00:00\",\"dateModified\":\"2025-11-18T16:14:33+00:00\",\"author\":{\"@id\":\"https:\/\/journal.televitale.org\/infirmieres\/#\/schema\/person\/a49f287a8998f69d43caeb2d1ddd0531\"},\"breadcrumb\":{\"@id\":\"https:\/\/journal.televitale.org\/infirmieres\/blog\/2020\/05\/07\/covid-19-les-mesures-derogatoires-pour-les-soins-infirmiers-en-ehpad\/#breadcrumb\"},\"inLanguage\":\"fr-FR\",\"potentialAction\":[{\"@type\":\"ReadAction\",\"target\":[\"https:\/\/journal.televitale.org\/infirmieres\/blog\/2020\/05\/07\/covid-19-les-mesures-derogatoires-pour-les-soins-infirmiers-en-ehpad\/\"]}]},{\"@type\":\"ImageObject\",\"inLanguage\":\"fr-FR\",\"@id\":\"https:\/\/journal.televitale.org\/infirmieres\/blog\/2020\/05\/07\/covid-19-les-mesures-derogatoires-pour-les-soins-infirmiers-en-ehpad\/#primaryimage\",\"url\":\"https:\/\/journal.televitale.org\/infirmieres\/wp-content\/uploads\/sites\/12\/2020\/05\/ehpad_covid_inf_tv.jpg\",\"contentUrl\":\"https:\/\/journal.televitale.org\/infirmieres\/wp-content\/uploads\/sites\/12\/2020\/05\/ehpad_covid_inf_tv.jpg\",\"width\":350,\"height\":172},{\"@type\":\"BreadcrumbList\",\"@id\":\"https:\/\/journal.televitale.org\/infirmieres\/blog\/2020\/05\/07\/covid-19-les-mesures-derogatoires-pour-les-soins-infirmiers-en-ehpad\/#breadcrumb\",\"itemListElement\":[{\"@type\":\"ListItem\",\"position\":1,\"name\":\"Accueil\",\"item\":\"https:\/\/journal.televitale.org\/infirmieres\/\"},{\"@type\":\"ListItem\",\"position\":2,\"name\":\"Covid-19 : les mesures d\u00e9rogatoires pour les soins infirmiers en EHPAD\"}]},{\"@type\":\"WebSite\",\"@id\":\"https:\/\/journal.televitale.org\/infirmieres\/#website\",\"url\":\"https:\/\/journal.televitale.org\/infirmieres\/\",\"name\":\"Infirmi\u00e8res\",\"description\":\"\",\"potentialAction\":[{\"@type\":\"SearchAction\",\"target\":{\"@type\":\"EntryPoint\",\"urlTemplate\":\"https:\/\/journal.televitale.org\/infirmieres\/?s={search_term_string}\"},\"query-input\":{\"@type\":\"PropertyValueSpecification\",\"valueRequired\":true,\"valueName\":\"search_term_string\"}}],\"inLanguage\":\"fr-FR\"},{\"@type\":\"Person\",\"@id\":\"https:\/\/journal.televitale.org\/infirmieres\/#\/schema\/person\/a49f287a8998f69d43caeb2d1ddd0531\",\"name\":\"ldigennaro\",\"image\":{\"@type\":\"ImageObject\",\"inLanguage\":\"fr-FR\",\"@id\":\"https:\/\/journal.televitale.org\/infirmieres\/#\/schema\/person\/image\/\",\"url\":\"https:\/\/secure.gravatar.com\/avatar\/a68c2eaf7a8d7e660fd7ad58fbb9a28c?s=96&d=mm&r=g\",\"contentUrl\":\"https:\/\/secure.gravatar.com\/avatar\/a68c2eaf7a8d7e660fd7ad58fbb9a28c?s=96&d=mm&r=g\",\"caption\":\"ldigennaro\"},\"url\":\"https:\/\/journal.televitale.org\/infirmieres\/blog\/author\/ldigennaro\/\"}]}<\/script>\n<!-- \/ Yoast SEO plugin. -->","yoast_head_json":{"title":"Covid-19 : les mesures d\u00e9rogatoires pour les soins infirmiers en EHPAD - Infirmi\u00e8res","robots":{"index":"noindex","follow":"follow","max-snippet":"max-snippet:-1","max-image-preview":"max-image-preview:large","max-video-preview":"max-video-preview:-1"},"og_locale":"fr_FR","og_type":"article","og_title":"Covid-19 : les mesures d\u00e9rogatoires pour les soins infirmiers en EHPAD - Infirmi\u00e8res","og_description":"INFORMATION !! : FIN DES MESURES D\u00c9ROGATOIRES EN EHPAD A PARTIR DU 10 JUIN 2020 Cliquez sur ce lien pour voir la fiche d\u2019information de l\u2019assurance Maladie : COVID-19 \u2013 EHPAD_v01.07 Majoration d&rsquo;acte pour patient en EHPAD Cliquez ici pour consulter la source sur Ameli.fr \u00c0 titre exceptionnel, les infirmiers sont autoris\u00e9s \u00e0 facturer syst\u00e9matiquement [&hellip;]","og_url":"https:\/\/journal.televitale.org\/infirmieres\/blog\/2020\/05\/07\/covid-19-les-mesures-derogatoires-pour-les-soins-infirmiers-en-ehpad\/","og_site_name":"Infirmi\u00e8res","article_published_time":"2020-05-07T12:32:07+00:00","article_modified_time":"2025-11-18T16:14:33+00:00","og_image":[{"width":350,"height":172,"url":"https:\/\/journal.televitale.org\/infirmieres\/wp-content\/uploads\/sites\/12\/2020\/05\/ehpad_covid_inf_tv.jpg","type":"image\/jpeg"}],"author":"ldigennaro","twitter_card":"summary_large_image","twitter_misc":{"\u00c9crit par":"ldigennaro","Dur\u00e9e de lecture estim\u00e9e":"3 minutes"},"schema":{"@context":"https:\/\/schema.org","@graph":[{"@type":"WebPage","@id":"https:\/\/journal.televitale.org\/infirmieres\/blog\/2020\/05\/07\/covid-19-les-mesures-derogatoires-pour-les-soins-infirmiers-en-ehpad\/","url":"https:\/\/journal.televitale.org\/infirmieres\/blog\/2020\/05\/07\/covid-19-les-mesures-derogatoires-pour-les-soins-infirmiers-en-ehpad\/","name":"Covid-19 : les mesures d\u00e9rogatoires pour les soins infirmiers en EHPAD - Infirmi\u00e8res","isPartOf":{"@id":"https:\/\/journal.televitale.org\/infirmieres\/#website"},"primaryImageOfPage":{"@id":"https:\/\/journal.televitale.org\/infirmieres\/blog\/2020\/05\/07\/covid-19-les-mesures-derogatoires-pour-les-soins-infirmiers-en-ehpad\/#primaryimage"},"image":{"@id":"https:\/\/journal.televitale.org\/infirmieres\/blog\/2020\/05\/07\/covid-19-les-mesures-derogatoires-pour-les-soins-infirmiers-en-ehpad\/#primaryimage"},"thumbnailUrl":"https:\/\/journal.televitale.org\/infirmieres\/wp-content\/uploads\/sites\/12\/2020\/05\/ehpad_covid_inf_tv.jpg","datePublished":"2020-05-07T12:32:07+00:00","dateModified":"2025-11-18T16:14:33+00:00","author":{"@id":"https:\/\/journal.televitale.org\/infirmieres\/#\/schema\/person\/a49f287a8998f69d43caeb2d1ddd0531"},"breadcrumb":{"@id":"https:\/\/journal.televitale.org\/infirmieres\/blog\/2020\/05\/07\/covid-19-les-mesures-derogatoires-pour-les-soins-infirmiers-en-ehpad\/#breadcrumb"},"inLanguage":"fr-FR","potentialAction":[{"@type":"ReadAction","target":["https:\/\/journal.televitale.org\/infirmieres\/blog\/2020\/05\/07\/covid-19-les-mesures-derogatoires-pour-les-soins-infirmiers-en-ehpad\/"]}]},{"@type":"ImageObject","inLanguage":"fr-FR","@id":"https:\/\/journal.televitale.org\/infirmieres\/blog\/2020\/05\/07\/covid-19-les-mesures-derogatoires-pour-les-soins-infirmiers-en-ehpad\/#primaryimage","url":"https:\/\/journal.televitale.org\/infirmieres\/wp-content\/uploads\/sites\/12\/2020\/05\/ehpad_covid_inf_tv.jpg","contentUrl":"https:\/\/journal.televitale.org\/infirmieres\/wp-content\/uploads\/sites\/12\/2020\/05\/ehpad_covid_inf_tv.jpg","width":350,"height":172},{"@type":"BreadcrumbList","@id":"https:\/\/journal.televitale.org\/infirmieres\/blog\/2020\/05\/07\/covid-19-les-mesures-derogatoires-pour-les-soins-infirmiers-en-ehpad\/#breadcrumb","itemListElement":[{"@type":"ListItem","position":1,"name":"Accueil","item":"https:\/\/journal.televitale.org\/infirmieres\/"},{"@type":"ListItem","position":2,"name":"Covid-19 : les mesures d\u00e9rogatoires pour les soins infirmiers en EHPAD"}]},{"@type":"WebSite","@id":"https:\/\/journal.televitale.org\/infirmieres\/#website","url":"https:\/\/journal.televitale.org\/infirmieres\/","name":"Infirmi\u00e8res","description":"","potentialAction":[{"@type":"SearchAction","target":{"@type":"EntryPoint","urlTemplate":"https:\/\/journal.televitale.org\/infirmieres\/?s={search_term_string}"},"query-input":{"@type":"PropertyValueSpecification","valueRequired":true,"valueName":"search_term_string"}}],"inLanguage":"fr-FR"},{"@type":"Person","@id":"https:\/\/journal.televitale.org\/infirmieres\/#\/schema\/person\/a49f287a8998f69d43caeb2d1ddd0531","name":"ldigennaro","image":{"@type":"ImageObject","inLanguage":"fr-FR","@id":"https:\/\/journal.televitale.org\/infirmieres\/#\/schema\/person\/image\/","url":"https:\/\/secure.gravatar.com\/avatar\/a68c2eaf7a8d7e660fd7ad58fbb9a28c?s=96&d=mm&r=g","contentUrl":"https:\/\/secure.gravatar.com\/avatar\/a68c2eaf7a8d7e660fd7ad58fbb9a28c?s=96&d=mm&r=g","caption":"ldigennaro"},"url":"https:\/\/journal.televitale.org\/infirmieres\/blog\/author\/ldigennaro\/"}]}},"_links":{"self":[{"href":"https:\/\/journal.televitale.org\/infirmieres\/wp-json\/wp\/v2\/posts\/11018","targetHints":{"allow":["GET"]}}],"collection":[{"href":"https:\/\/journal.televitale.org\/infirmieres\/wp-json\/wp\/v2\/posts"}],"about":[{"href":"https:\/\/journal.televitale.org\/infirmieres\/wp-json\/wp\/v2\/types\/post"}],"author":[{"embeddable":true,"href":"https:\/\/journal.televitale.org\/infirmieres\/wp-json\/wp\/v2\/users\/4"}],"replies":[{"embeddable":true,"href":"https:\/\/journal.televitale.org\/infirmieres\/wp-json\/wp\/v2\/comments?post=11018"}],"version-history":[{"count":8,"href":"https:\/\/journal.televitale.org\/infirmieres\/wp-json\/wp\/v2\/posts\/11018\/revisions"}],"predecessor-version":[{"id":11052,"href":"https:\/\/journal.televitale.org\/infirmieres\/wp-json\/wp\/v2\/posts\/11018\/revisions\/11052"}],"wp:featuredmedia":[{"embeddable":true,"href":"https:\/\/journal.televitale.org\/infirmieres\/wp-json\/wp\/v2\/media\/11023"}],"wp:attachment":[{"href":"https:\/\/journal.televitale.org\/infirmieres\/wp-json\/wp\/v2\/media?parent=11018"}],"wp:term":[{"taxonomy":"category","embeddable":true,"href":"https:\/\/journal.televitale.org\/infirmieres\/wp-json\/wp\/v2\/categories?post=11018"},{"taxonomy":"post_tag","embeddable":true,"href":"https:\/\/journal.televitale.org\/infirmieres\/wp-json\/wp\/v2\/tags?post=11018"}],"curies":[{"name":"wp","href":"https:\/\/api.w.org\/{rel}","templated":true}]}}