{"id":11054,"date":"2020-06-18T12:32:52","date_gmt":"2020-06-18T10:32:52","guid":{"rendered":"http:\/\/journal.televitale.org\/infirmieres\/?p=11054"},"modified":"2025-11-18T17:14:33","modified_gmt":"2025-11-18T16:14:33","slug":"rappel-actes-cumulables-a-taux-pleins-au-1er-mai-2020-actes-externalisables","status":"publish","type":"post","link":"https:\/\/journal.televitale.org\/infirmieres\/blog\/2020\/06\/18\/rappel-actes-cumulables-a-taux-pleins-au-1er-mai-2020-actes-externalisables\/","title":{"rendered":"Rappel : actes cumulables au 1er mai 2020 (actes externalisables)"},"content":{"rendered":"<p>D\u00e8s le 1er mai 2020, de nouveaux cumuls sont possibles avec les forfaits BSI et les AIS en application de l\u2019article 11B (actes li\u00e9s \u00e0 la d\u00e9pendance AIS3 et forfaits).<br \/>\nCes actes sont cot\u00e9s \u00e0 50% de leur valeur, c&rsquo;est-\u00e0-dire en AMX \u00bd :<\/p>\n<p>Il s\u2019agit :<\/p>\n<ul>\n<li>Injection intramusculaire<\/li>\n<li>Injection sous cutan\u00e9e<\/li>\n<li>Injection intradermique<\/li>\n<li>Prise en charge des patients insulino-trait\u00e9s : suivi glyc\u00e9mique et injection(s) d\u2019insuline<\/li>\n<\/ul>\n<p>Cas particulier : Patient d\u00e9pendant avec surveillance glyc\u00e9mique et une injection d\u2019insuline (ces actes forment un groupe).<\/p>\n<p>Ce qui donnera AIS ou BS + AMX \u00bd + AMX \u00bd<\/p>\n<p>Dans le cadre de d\u2019un Forfait BSA, BSB, BSC, vous devez imp\u00e9rativement cocher l\u2019option \u00ab ne pas g\u00e9rer cotation demi et gratuit \u00bb dans la prescription.<\/p>\n<p><img fetchpriority=\"high\" decoding=\"async\" class=\"size-full wp-image-11074 aligncenter\" src=\"https:\/\/journal.televitale.org\/infirmieres\/wp-content\/uploads\/sites\/12\/2020\/06\/actes_cumulables_1_19062020.jpg\" alt=\"\" width=\"1063\" height=\"686\" srcset=\"https:\/\/journal.televitale.org\/infirmieres\/wp-content\/uploads\/sites\/12\/2020\/06\/actes_cumulables_1_19062020.jpg 1063w, https:\/\/journal.televitale.org\/infirmieres\/wp-content\/uploads\/sites\/12\/2020\/06\/actes_cumulables_1_19062020-300x194.jpg 300w, https:\/\/journal.televitale.org\/infirmieres\/wp-content\/uploads\/sites\/12\/2020\/06\/actes_cumulables_1_19062020-768x496.jpg 768w, https:\/\/journal.televitale.org\/infirmieres\/wp-content\/uploads\/sites\/12\/2020\/06\/actes_cumulables_1_19062020-1024x661.jpg 1024w\" sizes=\"(max-width: 1063px) 100vw, 1063px\" \/><\/p>\n<p>Cependant en activant cette option le 1er et le 2\u00e8me AMX ne pourront pas \u00eatre calcul\u00e9s en \u00ab demi \u00bb puisque la d\u00e9cote sera neutralis\u00e9e.<\/p>\n<p>Il faudra d\u00e9-coter manuellement le 1er et le 2\u00e8me AMX.<\/p>\n<p><img decoding=\"async\" class=\"size-full wp-image-11067 aligncenter\" src=\"https:\/\/journal.televitale.org\/infirmieres\/wp-content\/uploads\/sites\/12\/2020\/06\/actes_cumulables_2.jpg\" alt=\"\" width=\"900\" srcset=\"https:\/\/journal.televitale.org\/infirmieres\/wp-content\/uploads\/sites\/12\/2020\/06\/actes_cumulables_2.jpg 900w, https:\/\/journal.televitale.org\/infirmieres\/wp-content\/uploads\/sites\/12\/2020\/06\/actes_cumulables_2-300x99.jpg 300w, https:\/\/journal.televitale.org\/infirmieres\/wp-content\/uploads\/sites\/12\/2020\/06\/actes_cumulables_2-768x254.jpg 768w\" sizes=\"(max-width: 900px) 100vw, 900px\" \/><\/p>\n<p>Ce qui nous donnera lors de la facturation :<\/p>\n<p><img decoding=\"async\" class=\"size-full wp-image-11076 aligncenter\" src=\"https:\/\/journal.televitale.org\/infirmieres\/wp-content\/uploads\/sites\/12\/2020\/06\/actes_cumulables_3_19062020.jpg\" alt=\"\" width=\"991\" height=\"382\" srcset=\"https:\/\/journal.televitale.org\/infirmieres\/wp-content\/uploads\/sites\/12\/2020\/06\/actes_cumulables_3_19062020.jpg 991w, https:\/\/journal.televitale.org\/infirmieres\/wp-content\/uploads\/sites\/12\/2020\/06\/actes_cumulables_3_19062020-300x116.jpg 300w, https:\/\/journal.televitale.org\/infirmieres\/wp-content\/uploads\/sites\/12\/2020\/06\/actes_cumulables_3_19062020-768x296.jpg 768w\" sizes=\"(max-width: 991px) 100vw, 991px\" \/><\/p>\n<p>Dans cet exemple nous avons :<\/p>\n<p>1 forfait (BSC) + 3 passages (IFI) + 1 HGT le matin (1AMX\/2) + 1 insuline le matin (1AMI\/2).<\/p>\n","protected":false},"excerpt":{"rendered":"<p>D\u00e8s le 1er mai 2020, de nouveaux cumuls sont possibles avec les forfaits BSI et les AIS en application de l\u2019article 11B (actes li\u00e9s \u00e0 la d\u00e9pendance AIS3 et forfaits). Ces actes sont cot\u00e9s \u00e0 50% de leur valeur, c&rsquo;est-\u00e0-dire en AMX \u00bd : Il s\u2019agit : Injection intramusculaire Injection sous cutan\u00e9e Injection intradermique Prise [&hellip;]<\/p>\n","protected":false},"author":4,"featured_media":11061,"comment_status":"closed","ping_status":"closed","sticky":false,"template":"","format":"standard","meta":{"footnotes":""},"categories":[55,56,57],"tags":[],"class_list":["post-11054","post","type-post","status-publish","format-standard","has-post-thumbnail","hentry","category-actualites","category-a-la-une","category-infotech"],"yoast_head":"<!-- This site is optimized with the Yoast SEO plugin v24.1 - https:\/\/yoast.com\/wordpress\/plugins\/seo\/ -->\n<title>Rappel : actes cumulables au 1er mai 2020 (actes externalisables) - Infirmi\u00e8res<\/title>\n<meta name=\"robots\" content=\"noindex, follow, max-snippet:-1, max-image-preview:large, max-video-preview:-1\" \/>\n<meta property=\"og:locale\" content=\"fr_FR\" \/>\n<meta property=\"og:type\" content=\"article\" \/>\n<meta property=\"og:title\" content=\"Rappel : actes cumulables au 1er mai 2020 (actes externalisables) - Infirmi\u00e8res\" \/>\n<meta property=\"og:description\" content=\"D\u00e8s le 1er mai 2020, de nouveaux cumuls sont possibles avec les forfaits BSI et les AIS en application de l\u2019article 11B (actes li\u00e9s \u00e0 la d\u00e9pendance AIS3 et forfaits). Ces actes sont cot\u00e9s \u00e0 50% de leur valeur, c&rsquo;est-\u00e0-dire en AMX \u00bd : Il s\u2019agit : Injection intramusculaire Injection sous cutan\u00e9e Injection intradermique Prise [&hellip;]\" \/>\n<meta property=\"og:url\" content=\"https:\/\/journal.televitale.org\/infirmieres\/blog\/2020\/06\/18\/rappel-actes-cumulables-a-taux-pleins-au-1er-mai-2020-actes-externalisables\/\" \/>\n<meta property=\"og:site_name\" content=\"Infirmi\u00e8res\" \/>\n<meta property=\"article:published_time\" content=\"2020-06-18T10:32:52+00:00\" \/>\n<meta property=\"article:modified_time\" content=\"2025-11-18T16:14:33+00:00\" \/>\n<meta property=\"og:image\" content=\"https:\/\/journal.televitale.org\/infirmieres\/wp-content\/uploads\/sites\/12\/2020\/06\/actes_cumulables_taux_plein.jpg\" \/>\n\t<meta property=\"og:image:width\" content=\"350\" \/>\n\t<meta property=\"og:image:height\" content=\"172\" \/>\n\t<meta property=\"og:image:type\" content=\"image\/jpeg\" \/>\n<meta name=\"author\" content=\"ldigennaro\" \/>\n<meta name=\"twitter:card\" content=\"summary_large_image\" \/>\n<meta name=\"twitter:label1\" content=\"\u00c9crit par\" \/>\n\t<meta name=\"twitter:data1\" content=\"ldigennaro\" \/>\n\t<meta name=\"twitter:label2\" content=\"Dur\u00e9e de lecture estim\u00e9e\" \/>\n\t<meta name=\"twitter:data2\" content=\"1 minute\" \/>\n<script type=\"application\/ld+json\" class=\"yoast-schema-graph\">{\"@context\":\"https:\/\/schema.org\",\"@graph\":[{\"@type\":\"WebPage\",\"@id\":\"https:\/\/journal.televitale.org\/infirmieres\/blog\/2020\/06\/18\/rappel-actes-cumulables-a-taux-pleins-au-1er-mai-2020-actes-externalisables\/\",\"url\":\"https:\/\/journal.televitale.org\/infirmieres\/blog\/2020\/06\/18\/rappel-actes-cumulables-a-taux-pleins-au-1er-mai-2020-actes-externalisables\/\",\"name\":\"Rappel : actes cumulables au 1er mai 2020 (actes externalisables) - Infirmi\u00e8res\",\"isPartOf\":{\"@id\":\"https:\/\/journal.televitale.org\/infirmieres\/#website\"},\"primaryImageOfPage\":{\"@id\":\"https:\/\/journal.televitale.org\/infirmieres\/blog\/2020\/06\/18\/rappel-actes-cumulables-a-taux-pleins-au-1er-mai-2020-actes-externalisables\/#primaryimage\"},\"image\":{\"@id\":\"https:\/\/journal.televitale.org\/infirmieres\/blog\/2020\/06\/18\/rappel-actes-cumulables-a-taux-pleins-au-1er-mai-2020-actes-externalisables\/#primaryimage\"},\"thumbnailUrl\":\"https:\/\/journal.televitale.org\/infirmieres\/wp-content\/uploads\/sites\/12\/2020\/06\/actes_cumulables_taux_plein.jpg\",\"datePublished\":\"2020-06-18T10:32:52+00:00\",\"dateModified\":\"2025-11-18T16:14:33+00:00\",\"author\":{\"@id\":\"https:\/\/journal.televitale.org\/infirmieres\/#\/schema\/person\/a49f287a8998f69d43caeb2d1ddd0531\"},\"breadcrumb\":{\"@id\":\"https:\/\/journal.televitale.org\/infirmieres\/blog\/2020\/06\/18\/rappel-actes-cumulables-a-taux-pleins-au-1er-mai-2020-actes-externalisables\/#breadcrumb\"},\"inLanguage\":\"fr-FR\",\"potentialAction\":[{\"@type\":\"ReadAction\",\"target\":[\"https:\/\/journal.televitale.org\/infirmieres\/blog\/2020\/06\/18\/rappel-actes-cumulables-a-taux-pleins-au-1er-mai-2020-actes-externalisables\/\"]}]},{\"@type\":\"ImageObject\",\"inLanguage\":\"fr-FR\",\"@id\":\"https:\/\/journal.televitale.org\/infirmieres\/blog\/2020\/06\/18\/rappel-actes-cumulables-a-taux-pleins-au-1er-mai-2020-actes-externalisables\/#primaryimage\",\"url\":\"https:\/\/journal.televitale.org\/infirmieres\/wp-content\/uploads\/sites\/12\/2020\/06\/actes_cumulables_taux_plein.jpg\",\"contentUrl\":\"https:\/\/journal.televitale.org\/infirmieres\/wp-content\/uploads\/sites\/12\/2020\/06\/actes_cumulables_taux_plein.jpg\",\"width\":350,\"height\":172},{\"@type\":\"BreadcrumbList\",\"@id\":\"https:\/\/journal.televitale.org\/infirmieres\/blog\/2020\/06\/18\/rappel-actes-cumulables-a-taux-pleins-au-1er-mai-2020-actes-externalisables\/#breadcrumb\",\"itemListElement\":[{\"@type\":\"ListItem\",\"position\":1,\"name\":\"Accueil\",\"item\":\"https:\/\/journal.televitale.org\/infirmieres\/\"},{\"@type\":\"ListItem\",\"position\":2,\"name\":\"Rappel : actes cumulables au 1er mai 2020 (actes externalisables)\"}]},{\"@type\":\"WebSite\",\"@id\":\"https:\/\/journal.televitale.org\/infirmieres\/#website\",\"url\":\"https:\/\/journal.televitale.org\/infirmieres\/\",\"name\":\"Infirmi\u00e8res\",\"description\":\"\",\"potentialAction\":[{\"@type\":\"SearchAction\",\"target\":{\"@type\":\"EntryPoint\",\"urlTemplate\":\"https:\/\/journal.televitale.org\/infirmieres\/?s={search_term_string}\"},\"query-input\":{\"@type\":\"PropertyValueSpecification\",\"valueRequired\":true,\"valueName\":\"search_term_string\"}}],\"inLanguage\":\"fr-FR\"},{\"@type\":\"Person\",\"@id\":\"https:\/\/journal.televitale.org\/infirmieres\/#\/schema\/person\/a49f287a8998f69d43caeb2d1ddd0531\",\"name\":\"ldigennaro\",\"image\":{\"@type\":\"ImageObject\",\"inLanguage\":\"fr-FR\",\"@id\":\"https:\/\/journal.televitale.org\/infirmieres\/#\/schema\/person\/image\/\",\"url\":\"https:\/\/secure.gravatar.com\/avatar\/a68c2eaf7a8d7e660fd7ad58fbb9a28c?s=96&d=mm&r=g\",\"contentUrl\":\"https:\/\/secure.gravatar.com\/avatar\/a68c2eaf7a8d7e660fd7ad58fbb9a28c?s=96&d=mm&r=g\",\"caption\":\"ldigennaro\"},\"url\":\"https:\/\/journal.televitale.org\/infirmieres\/blog\/author\/ldigennaro\/\"}]}<\/script>\n<!-- \/ Yoast SEO plugin. -->","yoast_head_json":{"title":"Rappel : actes cumulables au 1er mai 2020 (actes externalisables) - Infirmi\u00e8res","robots":{"index":"noindex","follow":"follow","max-snippet":"max-snippet:-1","max-image-preview":"max-image-preview:large","max-video-preview":"max-video-preview:-1"},"og_locale":"fr_FR","og_type":"article","og_title":"Rappel : actes cumulables au 1er mai 2020 (actes externalisables) - Infirmi\u00e8res","og_description":"D\u00e8s le 1er mai 2020, de nouveaux cumuls sont possibles avec les forfaits BSI et les AIS en application de l\u2019article 11B (actes li\u00e9s \u00e0 la d\u00e9pendance AIS3 et forfaits). Ces actes sont cot\u00e9s \u00e0 50% de leur valeur, c&rsquo;est-\u00e0-dire en AMX \u00bd : Il s\u2019agit : Injection intramusculaire Injection sous cutan\u00e9e Injection intradermique Prise [&hellip;]","og_url":"https:\/\/journal.televitale.org\/infirmieres\/blog\/2020\/06\/18\/rappel-actes-cumulables-a-taux-pleins-au-1er-mai-2020-actes-externalisables\/","og_site_name":"Infirmi\u00e8res","article_published_time":"2020-06-18T10:32:52+00:00","article_modified_time":"2025-11-18T16:14:33+00:00","og_image":[{"width":350,"height":172,"url":"https:\/\/journal.televitale.org\/infirmieres\/wp-content\/uploads\/sites\/12\/2020\/06\/actes_cumulables_taux_plein.jpg","type":"image\/jpeg"}],"author":"ldigennaro","twitter_card":"summary_large_image","twitter_misc":{"\u00c9crit par":"ldigennaro","Dur\u00e9e de lecture estim\u00e9e":"1 minute"},"schema":{"@context":"https:\/\/schema.org","@graph":[{"@type":"WebPage","@id":"https:\/\/journal.televitale.org\/infirmieres\/blog\/2020\/06\/18\/rappel-actes-cumulables-a-taux-pleins-au-1er-mai-2020-actes-externalisables\/","url":"https:\/\/journal.televitale.org\/infirmieres\/blog\/2020\/06\/18\/rappel-actes-cumulables-a-taux-pleins-au-1er-mai-2020-actes-externalisables\/","name":"Rappel : actes cumulables au 1er mai 2020 (actes externalisables) - Infirmi\u00e8res","isPartOf":{"@id":"https:\/\/journal.televitale.org\/infirmieres\/#website"},"primaryImageOfPage":{"@id":"https:\/\/journal.televitale.org\/infirmieres\/blog\/2020\/06\/18\/rappel-actes-cumulables-a-taux-pleins-au-1er-mai-2020-actes-externalisables\/#primaryimage"},"image":{"@id":"https:\/\/journal.televitale.org\/infirmieres\/blog\/2020\/06\/18\/rappel-actes-cumulables-a-taux-pleins-au-1er-mai-2020-actes-externalisables\/#primaryimage"},"thumbnailUrl":"https:\/\/journal.televitale.org\/infirmieres\/wp-content\/uploads\/sites\/12\/2020\/06\/actes_cumulables_taux_plein.jpg","datePublished":"2020-06-18T10:32:52+00:00","dateModified":"2025-11-18T16:14:33+00:00","author":{"@id":"https:\/\/journal.televitale.org\/infirmieres\/#\/schema\/person\/a49f287a8998f69d43caeb2d1ddd0531"},"breadcrumb":{"@id":"https:\/\/journal.televitale.org\/infirmieres\/blog\/2020\/06\/18\/rappel-actes-cumulables-a-taux-pleins-au-1er-mai-2020-actes-externalisables\/#breadcrumb"},"inLanguage":"fr-FR","potentialAction":[{"@type":"ReadAction","target":["https:\/\/journal.televitale.org\/infirmieres\/blog\/2020\/06\/18\/rappel-actes-cumulables-a-taux-pleins-au-1er-mai-2020-actes-externalisables\/"]}]},{"@type":"ImageObject","inLanguage":"fr-FR","@id":"https:\/\/journal.televitale.org\/infirmieres\/blog\/2020\/06\/18\/rappel-actes-cumulables-a-taux-pleins-au-1er-mai-2020-actes-externalisables\/#primaryimage","url":"https:\/\/journal.televitale.org\/infirmieres\/wp-content\/uploads\/sites\/12\/2020\/06\/actes_cumulables_taux_plein.jpg","contentUrl":"https:\/\/journal.televitale.org\/infirmieres\/wp-content\/uploads\/sites\/12\/2020\/06\/actes_cumulables_taux_plein.jpg","width":350,"height":172},{"@type":"BreadcrumbList","@id":"https:\/\/journal.televitale.org\/infirmieres\/blog\/2020\/06\/18\/rappel-actes-cumulables-a-taux-pleins-au-1er-mai-2020-actes-externalisables\/#breadcrumb","itemListElement":[{"@type":"ListItem","position":1,"name":"Accueil","item":"https:\/\/journal.televitale.org\/infirmieres\/"},{"@type":"ListItem","position":2,"name":"Rappel : actes cumulables au 1er mai 2020 (actes externalisables)"}]},{"@type":"WebSite","@id":"https:\/\/journal.televitale.org\/infirmieres\/#website","url":"https:\/\/journal.televitale.org\/infirmieres\/","name":"Infirmi\u00e8res","description":"","potentialAction":[{"@type":"SearchAction","target":{"@type":"EntryPoint","urlTemplate":"https:\/\/journal.televitale.org\/infirmieres\/?s={search_term_string}"},"query-input":{"@type":"PropertyValueSpecification","valueRequired":true,"valueName":"search_term_string"}}],"inLanguage":"fr-FR"},{"@type":"Person","@id":"https:\/\/journal.televitale.org\/infirmieres\/#\/schema\/person\/a49f287a8998f69d43caeb2d1ddd0531","name":"ldigennaro","image":{"@type":"ImageObject","inLanguage":"fr-FR","@id":"https:\/\/journal.televitale.org\/infirmieres\/#\/schema\/person\/image\/","url":"https:\/\/secure.gravatar.com\/avatar\/a68c2eaf7a8d7e660fd7ad58fbb9a28c?s=96&d=mm&r=g","contentUrl":"https:\/\/secure.gravatar.com\/avatar\/a68c2eaf7a8d7e660fd7ad58fbb9a28c?s=96&d=mm&r=g","caption":"ldigennaro"},"url":"https:\/\/journal.televitale.org\/infirmieres\/blog\/author\/ldigennaro\/"}]}},"_links":{"self":[{"href":"https:\/\/journal.televitale.org\/infirmieres\/wp-json\/wp\/v2\/posts\/11054","targetHints":{"allow":["GET"]}}],"collection":[{"href":"https:\/\/journal.televitale.org\/infirmieres\/wp-json\/wp\/v2\/posts"}],"about":[{"href":"https:\/\/journal.televitale.org\/infirmieres\/wp-json\/wp\/v2\/types\/post"}],"author":[{"embeddable":true,"href":"https:\/\/journal.televitale.org\/infirmieres\/wp-json\/wp\/v2\/users\/4"}],"replies":[{"embeddable":true,"href":"https:\/\/journal.televitale.org\/infirmieres\/wp-json\/wp\/v2\/comments?post=11054"}],"version-history":[{"count":6,"href":"https:\/\/journal.televitale.org\/infirmieres\/wp-json\/wp\/v2\/posts\/11054\/revisions"}],"predecessor-version":[{"id":11079,"href":"https:\/\/journal.televitale.org\/infirmieres\/wp-json\/wp\/v2\/posts\/11054\/revisions\/11079"}],"wp:featuredmedia":[{"embeddable":true,"href":"https:\/\/journal.televitale.org\/infirmieres\/wp-json\/wp\/v2\/media\/11061"}],"wp:attachment":[{"href":"https:\/\/journal.televitale.org\/infirmieres\/wp-json\/wp\/v2\/media?parent=11054"}],"wp:term":[{"taxonomy":"category","embeddable":true,"href":"https:\/\/journal.televitale.org\/infirmieres\/wp-json\/wp\/v2\/categories?post=11054"},{"taxonomy":"post_tag","embeddable":true,"href":"https:\/\/journal.televitale.org\/infirmieres\/wp-json\/wp\/v2\/tags?post=11054"}],"curies":[{"name":"wp","href":"https:\/\/api.w.org\/{rel}","templated":true}]}}