{"id":11118,"date":"2020-07-06T13:00:45","date_gmt":"2020-07-06T11:00:45","guid":{"rendered":"http:\/\/journal.televitale.org\/infirmieres\/?p=11118"},"modified":"2025-11-18T17:14:32","modified_gmt":"2025-11-18T16:14:32","slug":"mise-a-jour-416-addendum-7-incluant-laide-a-la-planification-des-actes-bsi-disponible","status":"publish","type":"post","link":"https:\/\/journal.televitale.org\/infirmieres\/blog\/2020\/07\/06\/mise-a-jour-416-addendum-7-incluant-laide-a-la-planification-des-actes-bsi-disponible\/","title":{"rendered":"Mise \u00e0 jour 416 (Addendum 7) incluant l\u2019aide \u00e0 la planification des actes BSI disponible"},"content":{"rendered":"<p><img fetchpriority=\"high\" decoding=\"async\" class=\"size-full wp-image-10634 aligncenter\" src=\"https:\/\/journal.televitale.org\/autresprofessions\/wp-content\/uploads\/sites\/20\/2019\/12\/update6.jpg\" alt=\"\" width=\"635\" height=\"313\" \/><\/p>\n<p>Une nouvelle version de votre logiciel est\u00a0 disponible en t\u00e9l\u00e9chargement.<\/p>\n<p>La mise \u00e0 jour 416 du logiciel T\u00e9l\u00e9vitale int\u00e8gre notamment :<\/p>\n<p><strong>Aide \u00e0 la planification des actes de BSI<\/strong><\/p>\n<p>T\u00e9l\u00e9vitale effectue maintenant un contr\u00f4le des saisies sur tous les actes au moment de l&rsquo;enregistrement de la prescription :<\/p>\n<ul>\n<li style=\"list-style-type: none;\">\n<ul>\n<li>Soit la saisie comporte des associations d&rsquo;actes incompatibles et T\u00e9l\u00e9vitale affiche un message d&rsquo;erreur, interdisant l&rsquo;enregistrement de l&rsquo;ordonnance<\/li>\n<li>Soit la saisie comporte des erreurs pouvant \u00eatre corrig\u00e9es automatiquement par T\u00e9l\u00e9vitale, au moment de l\u2019enregistrement de l\u2019ordonnance<\/li>\n<\/ul>\n<\/li>\n<\/ul>\n<p>Dans ce dernier cas, T\u00e9l\u00e9Vitale affiche un message indiquant le type d\u2019erreur de saisie et la correction qui sera effectu\u00e9e. Pour chaque type d\u2019erreur, un message s\u2019affichera \u00e0 l\u2019\u00e9cran.<\/p>\n<p><strong>Acc\u00e8s \u00e0 AMELI PRO pour la BSI<\/strong><\/p>\n<p>La prescription \u00ab\u00a0Infirmier\u00a0\u00bb pr\u00e9sente un bouton permettant de cr\u00e9er, selon le contexte de saisie :<\/p>\n<ul>\n<li style=\"list-style-type: none;\">\n<ul>\n<li>Une DSI (cerfa)<\/li>\n<li>Une DAP<\/li>\n<li>Lien avec le site Amelipro pour la BSI.<\/li>\n<\/ul>\n<\/li>\n<\/ul>\n<p>Cette mise \u00e0 jour inclut \u00e9galement :<\/p>\n<ul>\n<li>Cotation et v\u00e9rification en facturation<\/li>\n<li>Calcul de partage des actes forfaitaires<\/li>\n<li>Ajout d&rsquo;un bouton pour afficher votre T\u00e9l\u00e9vitale Infos<\/li>\n<li>Ajout de la date de d\u00e9c\u00e8s (onglet divers)<\/li>\n<li>Corrections diverses<\/li>\n<\/ul>\n<p>Pour t\u00e9l\u00e9charger la mise \u00e0 jour, veuillez cliquer sur le bouton <img decoding=\"async\" class=\"alignnone size-full wp-image-10597\" src=\"https:\/\/journal.televitale.org\/autresprofessions\/wp-content\/uploads\/sites\/20\/2019\/12\/arobase.png\" alt=\"\" width=\"30\" height=\"28\" \/> dans le menu sup\u00e9rieur de votre logiciel.<\/p>\n<p>Afin de vous aider, vous pouvez suivre les tutoriels ci-dessous :<\/p>\n<ul>\n<li><a href=\"https:\/\/journal.televitale.org\/infirmieres\/wp-content\/uploads\/sites\/12\/2020\/07\/Partage_et_retrocession_actes_BSI_06072020.pdf\" target=\"_blank\" rel=\"noopener noreferrer\">Partages et r\u00e9trocession des actes BSI (cliquez ici)<\/a><\/li>\n<li><a href=\"https:\/\/journal.televitale.org\/infirmieres\/wp-content\/uploads\/sites\/12\/2020\/07\/Aide_a_la_planification_des_actes_de_BSI_06072020.pdf\" target=\"_blank\" rel=\"noopener noreferrer\">Aide \u00e0 la planification des actes de BSI (cliquez ici)<\/a><\/li>\n<\/ul>\n","protected":false},"excerpt":{"rendered":"<p>Une nouvelle version de votre logiciel est\u00a0 disponible en t\u00e9l\u00e9chargement. La mise \u00e0 jour 416 du logiciel T\u00e9l\u00e9vitale int\u00e8gre notamment : Aide \u00e0 la planification des actes de BSI T\u00e9l\u00e9vitale effectue maintenant un contr\u00f4le des saisies sur tous les actes au moment de l&rsquo;enregistrement de la prescription : Soit la saisie comporte des associations d&rsquo;actes [&hellip;]<\/p>\n","protected":false},"author":4,"featured_media":11119,"comment_status":"closed","ping_status":"closed","sticky":false,"template":"","format":"standard","meta":{"footnotes":""},"categories":[56,57],"tags":[],"class_list":["post-11118","post","type-post","status-publish","format-standard","has-post-thumbnail","hentry","category-a-la-une","category-infotech"],"yoast_head":"<!-- This site is optimized with the Yoast SEO plugin v24.1 - https:\/\/yoast.com\/wordpress\/plugins\/seo\/ -->\n<title>Mise \u00e0 jour 416 (Addendum 7) incluant l\u2019aide \u00e0 la planification des actes BSI disponible - Infirmi\u00e8res<\/title>\n<meta name=\"robots\" content=\"noindex, follow, max-snippet:-1, max-image-preview:large, max-video-preview:-1\" \/>\n<meta property=\"og:locale\" content=\"fr_FR\" \/>\n<meta property=\"og:type\" content=\"article\" \/>\n<meta property=\"og:title\" content=\"Mise \u00e0 jour 416 (Addendum 7) incluant l\u2019aide \u00e0 la planification des actes BSI disponible - Infirmi\u00e8res\" \/>\n<meta property=\"og:description\" content=\"Une nouvelle version de votre logiciel est\u00a0 disponible en t\u00e9l\u00e9chargement. La mise \u00e0 jour 416 du logiciel T\u00e9l\u00e9vitale int\u00e8gre notamment : Aide \u00e0 la planification des actes de BSI T\u00e9l\u00e9vitale effectue maintenant un contr\u00f4le des saisies sur tous les actes au moment de l&rsquo;enregistrement de la prescription : Soit la saisie comporte des associations d&rsquo;actes [&hellip;]\" \/>\n<meta property=\"og:url\" content=\"https:\/\/journal.televitale.org\/infirmieres\/blog\/2020\/07\/06\/mise-a-jour-416-addendum-7-incluant-laide-a-la-planification-des-actes-bsi-disponible\/\" \/>\n<meta property=\"og:site_name\" content=\"Infirmi\u00e8res\" \/>\n<meta property=\"article:published_time\" content=\"2020-07-06T11:00:45+00:00\" \/>\n<meta property=\"article:modified_time\" content=\"2025-11-18T16:14:32+00:00\" \/>\n<meta property=\"og:image\" content=\"https:\/\/journal.televitale.org\/infirmieres\/wp-content\/uploads\/sites\/12\/2020\/07\/update4-1.jpg\" \/>\n\t<meta property=\"og:image:width\" content=\"350\" \/>\n\t<meta property=\"og:image:height\" content=\"172\" \/>\n\t<meta property=\"og:image:type\" content=\"image\/jpeg\" \/>\n<meta name=\"author\" content=\"ldigennaro\" \/>\n<meta name=\"twitter:card\" content=\"summary_large_image\" \/>\n<meta name=\"twitter:label1\" content=\"\u00c9crit par\" \/>\n\t<meta name=\"twitter:data1\" content=\"ldigennaro\" \/>\n\t<meta name=\"twitter:label2\" content=\"Dur\u00e9e de lecture estim\u00e9e\" \/>\n\t<meta name=\"twitter:data2\" content=\"1 minute\" \/>\n<script type=\"application\/ld+json\" class=\"yoast-schema-graph\">{\"@context\":\"https:\/\/schema.org\",\"@graph\":[{\"@type\":\"WebPage\",\"@id\":\"https:\/\/journal.televitale.org\/infirmieres\/blog\/2020\/07\/06\/mise-a-jour-416-addendum-7-incluant-laide-a-la-planification-des-actes-bsi-disponible\/\",\"url\":\"https:\/\/journal.televitale.org\/infirmieres\/blog\/2020\/07\/06\/mise-a-jour-416-addendum-7-incluant-laide-a-la-planification-des-actes-bsi-disponible\/\",\"name\":\"Mise \u00e0 jour 416 (Addendum 7) incluant l\u2019aide \u00e0 la planification des actes BSI disponible - Infirmi\u00e8res\",\"isPartOf\":{\"@id\":\"https:\/\/journal.televitale.org\/infirmieres\/#website\"},\"primaryImageOfPage\":{\"@id\":\"https:\/\/journal.televitale.org\/infirmieres\/blog\/2020\/07\/06\/mise-a-jour-416-addendum-7-incluant-laide-a-la-planification-des-actes-bsi-disponible\/#primaryimage\"},\"image\":{\"@id\":\"https:\/\/journal.televitale.org\/infirmieres\/blog\/2020\/07\/06\/mise-a-jour-416-addendum-7-incluant-laide-a-la-planification-des-actes-bsi-disponible\/#primaryimage\"},\"thumbnailUrl\":\"https:\/\/journal.televitale.org\/infirmieres\/wp-content\/uploads\/sites\/12\/2020\/07\/update4-1.jpg\",\"datePublished\":\"2020-07-06T11:00:45+00:00\",\"dateModified\":\"2025-11-18T16:14:32+00:00\",\"author\":{\"@id\":\"https:\/\/journal.televitale.org\/infirmieres\/#\/schema\/person\/a49f287a8998f69d43caeb2d1ddd0531\"},\"breadcrumb\":{\"@id\":\"https:\/\/journal.televitale.org\/infirmieres\/blog\/2020\/07\/06\/mise-a-jour-416-addendum-7-incluant-laide-a-la-planification-des-actes-bsi-disponible\/#breadcrumb\"},\"inLanguage\":\"fr-FR\",\"potentialAction\":[{\"@type\":\"ReadAction\",\"target\":[\"https:\/\/journal.televitale.org\/infirmieres\/blog\/2020\/07\/06\/mise-a-jour-416-addendum-7-incluant-laide-a-la-planification-des-actes-bsi-disponible\/\"]}]},{\"@type\":\"ImageObject\",\"inLanguage\":\"fr-FR\",\"@id\":\"https:\/\/journal.televitale.org\/infirmieres\/blog\/2020\/07\/06\/mise-a-jour-416-addendum-7-incluant-laide-a-la-planification-des-actes-bsi-disponible\/#primaryimage\",\"url\":\"https:\/\/journal.televitale.org\/infirmieres\/wp-content\/uploads\/sites\/12\/2020\/07\/update4-1.jpg\",\"contentUrl\":\"https:\/\/journal.televitale.org\/infirmieres\/wp-content\/uploads\/sites\/12\/2020\/07\/update4-1.jpg\",\"width\":350,\"height\":172},{\"@type\":\"BreadcrumbList\",\"@id\":\"https:\/\/journal.televitale.org\/infirmieres\/blog\/2020\/07\/06\/mise-a-jour-416-addendum-7-incluant-laide-a-la-planification-des-actes-bsi-disponible\/#breadcrumb\",\"itemListElement\":[{\"@type\":\"ListItem\",\"position\":1,\"name\":\"Accueil\",\"item\":\"https:\/\/journal.televitale.org\/infirmieres\/\"},{\"@type\":\"ListItem\",\"position\":2,\"name\":\"Mise \u00e0 jour 416 (Addendum 7) incluant l\u2019aide \u00e0 la planification des actes BSI disponible\"}]},{\"@type\":\"WebSite\",\"@id\":\"https:\/\/journal.televitale.org\/infirmieres\/#website\",\"url\":\"https:\/\/journal.televitale.org\/infirmieres\/\",\"name\":\"Infirmi\u00e8res\",\"description\":\"\",\"potentialAction\":[{\"@type\":\"SearchAction\",\"target\":{\"@type\":\"EntryPoint\",\"urlTemplate\":\"https:\/\/journal.televitale.org\/infirmieres\/?s={search_term_string}\"},\"query-input\":{\"@type\":\"PropertyValueSpecification\",\"valueRequired\":true,\"valueName\":\"search_term_string\"}}],\"inLanguage\":\"fr-FR\"},{\"@type\":\"Person\",\"@id\":\"https:\/\/journal.televitale.org\/infirmieres\/#\/schema\/person\/a49f287a8998f69d43caeb2d1ddd0531\",\"name\":\"ldigennaro\",\"image\":{\"@type\":\"ImageObject\",\"inLanguage\":\"fr-FR\",\"@id\":\"https:\/\/journal.televitale.org\/infirmieres\/#\/schema\/person\/image\/\",\"url\":\"https:\/\/secure.gravatar.com\/avatar\/a68c2eaf7a8d7e660fd7ad58fbb9a28c?s=96&d=mm&r=g\",\"contentUrl\":\"https:\/\/secure.gravatar.com\/avatar\/a68c2eaf7a8d7e660fd7ad58fbb9a28c?s=96&d=mm&r=g\",\"caption\":\"ldigennaro\"},\"url\":\"https:\/\/journal.televitale.org\/infirmieres\/blog\/author\/ldigennaro\/\"}]}<\/script>\n<!-- \/ Yoast SEO plugin. -->","yoast_head_json":{"title":"Mise \u00e0 jour 416 (Addendum 7) incluant l\u2019aide \u00e0 la planification des actes BSI disponible - Infirmi\u00e8res","robots":{"index":"noindex","follow":"follow","max-snippet":"max-snippet:-1","max-image-preview":"max-image-preview:large","max-video-preview":"max-video-preview:-1"},"og_locale":"fr_FR","og_type":"article","og_title":"Mise \u00e0 jour 416 (Addendum 7) incluant l\u2019aide \u00e0 la planification des actes BSI disponible - Infirmi\u00e8res","og_description":"Une nouvelle version de votre logiciel est\u00a0 disponible en t\u00e9l\u00e9chargement. La mise \u00e0 jour 416 du logiciel T\u00e9l\u00e9vitale int\u00e8gre notamment : Aide \u00e0 la planification des actes de BSI T\u00e9l\u00e9vitale effectue maintenant un contr\u00f4le des saisies sur tous les actes au moment de l&rsquo;enregistrement de la prescription : Soit la saisie comporte des associations d&rsquo;actes [&hellip;]","og_url":"https:\/\/journal.televitale.org\/infirmieres\/blog\/2020\/07\/06\/mise-a-jour-416-addendum-7-incluant-laide-a-la-planification-des-actes-bsi-disponible\/","og_site_name":"Infirmi\u00e8res","article_published_time":"2020-07-06T11:00:45+00:00","article_modified_time":"2025-11-18T16:14:32+00:00","og_image":[{"width":350,"height":172,"url":"https:\/\/journal.televitale.org\/infirmieres\/wp-content\/uploads\/sites\/12\/2020\/07\/update4-1.jpg","type":"image\/jpeg"}],"author":"ldigennaro","twitter_card":"summary_large_image","twitter_misc":{"\u00c9crit par":"ldigennaro","Dur\u00e9e de lecture estim\u00e9e":"1 minute"},"schema":{"@context":"https:\/\/schema.org","@graph":[{"@type":"WebPage","@id":"https:\/\/journal.televitale.org\/infirmieres\/blog\/2020\/07\/06\/mise-a-jour-416-addendum-7-incluant-laide-a-la-planification-des-actes-bsi-disponible\/","url":"https:\/\/journal.televitale.org\/infirmieres\/blog\/2020\/07\/06\/mise-a-jour-416-addendum-7-incluant-laide-a-la-planification-des-actes-bsi-disponible\/","name":"Mise \u00e0 jour 416 (Addendum 7) incluant l\u2019aide \u00e0 la planification des actes BSI disponible - Infirmi\u00e8res","isPartOf":{"@id":"https:\/\/journal.televitale.org\/infirmieres\/#website"},"primaryImageOfPage":{"@id":"https:\/\/journal.televitale.org\/infirmieres\/blog\/2020\/07\/06\/mise-a-jour-416-addendum-7-incluant-laide-a-la-planification-des-actes-bsi-disponible\/#primaryimage"},"image":{"@id":"https:\/\/journal.televitale.org\/infirmieres\/blog\/2020\/07\/06\/mise-a-jour-416-addendum-7-incluant-laide-a-la-planification-des-actes-bsi-disponible\/#primaryimage"},"thumbnailUrl":"https:\/\/journal.televitale.org\/infirmieres\/wp-content\/uploads\/sites\/12\/2020\/07\/update4-1.jpg","datePublished":"2020-07-06T11:00:45+00:00","dateModified":"2025-11-18T16:14:32+00:00","author":{"@id":"https:\/\/journal.televitale.org\/infirmieres\/#\/schema\/person\/a49f287a8998f69d43caeb2d1ddd0531"},"breadcrumb":{"@id":"https:\/\/journal.televitale.org\/infirmieres\/blog\/2020\/07\/06\/mise-a-jour-416-addendum-7-incluant-laide-a-la-planification-des-actes-bsi-disponible\/#breadcrumb"},"inLanguage":"fr-FR","potentialAction":[{"@type":"ReadAction","target":["https:\/\/journal.televitale.org\/infirmieres\/blog\/2020\/07\/06\/mise-a-jour-416-addendum-7-incluant-laide-a-la-planification-des-actes-bsi-disponible\/"]}]},{"@type":"ImageObject","inLanguage":"fr-FR","@id":"https:\/\/journal.televitale.org\/infirmieres\/blog\/2020\/07\/06\/mise-a-jour-416-addendum-7-incluant-laide-a-la-planification-des-actes-bsi-disponible\/#primaryimage","url":"https:\/\/journal.televitale.org\/infirmieres\/wp-content\/uploads\/sites\/12\/2020\/07\/update4-1.jpg","contentUrl":"https:\/\/journal.televitale.org\/infirmieres\/wp-content\/uploads\/sites\/12\/2020\/07\/update4-1.jpg","width":350,"height":172},{"@type":"BreadcrumbList","@id":"https:\/\/journal.televitale.org\/infirmieres\/blog\/2020\/07\/06\/mise-a-jour-416-addendum-7-incluant-laide-a-la-planification-des-actes-bsi-disponible\/#breadcrumb","itemListElement":[{"@type":"ListItem","position":1,"name":"Accueil","item":"https:\/\/journal.televitale.org\/infirmieres\/"},{"@type":"ListItem","position":2,"name":"Mise \u00e0 jour 416 (Addendum 7) incluant l\u2019aide \u00e0 la planification des actes BSI disponible"}]},{"@type":"WebSite","@id":"https:\/\/journal.televitale.org\/infirmieres\/#website","url":"https:\/\/journal.televitale.org\/infirmieres\/","name":"Infirmi\u00e8res","description":"","potentialAction":[{"@type":"SearchAction","target":{"@type":"EntryPoint","urlTemplate":"https:\/\/journal.televitale.org\/infirmieres\/?s={search_term_string}"},"query-input":{"@type":"PropertyValueSpecification","valueRequired":true,"valueName":"search_term_string"}}],"inLanguage":"fr-FR"},{"@type":"Person","@id":"https:\/\/journal.televitale.org\/infirmieres\/#\/schema\/person\/a49f287a8998f69d43caeb2d1ddd0531","name":"ldigennaro","image":{"@type":"ImageObject","inLanguage":"fr-FR","@id":"https:\/\/journal.televitale.org\/infirmieres\/#\/schema\/person\/image\/","url":"https:\/\/secure.gravatar.com\/avatar\/a68c2eaf7a8d7e660fd7ad58fbb9a28c?s=96&d=mm&r=g","contentUrl":"https:\/\/secure.gravatar.com\/avatar\/a68c2eaf7a8d7e660fd7ad58fbb9a28c?s=96&d=mm&r=g","caption":"ldigennaro"},"url":"https:\/\/journal.televitale.org\/infirmieres\/blog\/author\/ldigennaro\/"}]}},"_links":{"self":[{"href":"https:\/\/journal.televitale.org\/infirmieres\/wp-json\/wp\/v2\/posts\/11118","targetHints":{"allow":["GET"]}}],"collection":[{"href":"https:\/\/journal.televitale.org\/infirmieres\/wp-json\/wp\/v2\/posts"}],"about":[{"href":"https:\/\/journal.televitale.org\/infirmieres\/wp-json\/wp\/v2\/types\/post"}],"author":[{"embeddable":true,"href":"https:\/\/journal.televitale.org\/infirmieres\/wp-json\/wp\/v2\/users\/4"}],"replies":[{"embeddable":true,"href":"https:\/\/journal.televitale.org\/infirmieres\/wp-json\/wp\/v2\/comments?post=11118"}],"version-history":[{"count":6,"href":"https:\/\/journal.televitale.org\/infirmieres\/wp-json\/wp\/v2\/posts\/11118\/revisions"}],"predecessor-version":[{"id":11209,"href":"https:\/\/journal.televitale.org\/infirmieres\/wp-json\/wp\/v2\/posts\/11118\/revisions\/11209"}],"wp:featuredmedia":[{"embeddable":true,"href":"https:\/\/journal.televitale.org\/infirmieres\/wp-json\/wp\/v2\/media\/11119"}],"wp:attachment":[{"href":"https:\/\/journal.televitale.org\/infirmieres\/wp-json\/wp\/v2\/media?parent=11118"}],"wp:term":[{"taxonomy":"category","embeddable":true,"href":"https:\/\/journal.televitale.org\/infirmieres\/wp-json\/wp\/v2\/categories?post=11118"},{"taxonomy":"post_tag","embeddable":true,"href":"https:\/\/journal.televitale.org\/infirmieres\/wp-json\/wp\/v2\/tags?post=11118"}],"curies":[{"name":"wp","href":"https:\/\/api.w.org\/{rel}","templated":true}]}}