{"id":11230,"date":"2020-11-13T16:40:59","date_gmt":"2020-11-13T15:40:59","guid":{"rendered":"http:\/\/journal.televitale.org\/infirmieres\/?p=11230"},"modified":"2025-11-18T17:14:31","modified_gmt":"2025-11-18T16:14:31","slug":"important-guide-dinformation-si-dep-communication-du-ministere-de-la-sante","status":"publish","type":"post","link":"https:\/\/journal.televitale.org\/infirmieres\/blog\/2020\/11\/13\/important-guide-dinformation-si-dep-communication-du-ministere-de-la-sante\/","title":{"rendered":"IMPORTANT ! Guide d\u2019information SI-DEP \u2013 Communication du Minist\u00e8re de la Sant\u00e9"},"content":{"rendered":"<p>Suite \u00e0 la publication par la HAS de ses avis du 24 septembre et du 8 octobre, les tests antig\u00e9niques rapides peuvent d\u00e9sormais prendre un r\u00f4le majeur dans la strat\u00e9gie de lutte contre le Covid-19 en France.<\/p>\n<p>Le d\u00e9ploiement de ces tests a vocation \u00e0 soutenir la forte mobilisation des laboratoires de biologie m\u00e9dicale en confiant aussi \u00e0 certains professionnels de ville la r\u00e9alisation de ces tests ainsi que la remont\u00e9e des r\u00e9sultats dans le syst\u00e8me d\u2019information national de d\u00e9pistage populationnel (SI-DEP)<\/p>\n<p>Cette capacit\u00e9 d\u00e9pend entre autres des infirmi\u00e8res lib\u00e9rales car seule une collecte en temps r\u00e9el, exhaustive et imm\u00e9diate de ces r\u00e9sultats permet aux brigades sanitaires de g\u00e9rer l\u2019\u00e9pid\u00e9mie.<\/p>\n<p>Le Minist\u00e8re des Solidarit\u00e9s et de la Sant\u00e9 met \u00e0 votre disposition un guide d\u2019information SI-DEP qui vous permettra de conna\u00eetre et comprendre le fonctionnement de l\u2019application pour la remont\u00e9e des r\u00e9sultats de tests antig\u00e9niques.<\/p>\n<h2 style=\"text-align: center;\"><a href=\"https:\/\/journal.televitale.org\/wp-content\/uploads\/2020\/11\/SI-DEP_Guide_saisie_SIDEP_IV_V1_6_3.pdf\" target=\"_blank\" rel=\"noopener noreferrer\">Pour t\u00e9l\u00e9charger ce guide, cliquez ici<\/a><\/h2>\n","protected":false},"excerpt":{"rendered":"<p>Suite \u00e0 la publication par la HAS de ses avis du 24 septembre et du 8 octobre, les tests antig\u00e9niques rapides peuvent d\u00e9sormais prendre un r\u00f4le majeur dans la strat\u00e9gie de lutte contre le Covid-19 en France. Le d\u00e9ploiement de ces tests a vocation \u00e0 soutenir la forte mobilisation des laboratoires de biologie m\u00e9dicale en [&hellip;]<\/p>\n","protected":false},"author":4,"featured_media":11231,"comment_status":"closed","ping_status":"closed","sticky":false,"template":"","format":"standard","meta":{"footnotes":""},"categories":[55,56],"tags":[],"class_list":["post-11230","post","type-post","status-publish","format-standard","has-post-thumbnail","hentry","category-actualites","category-a-la-une"],"yoast_head":"<!-- This site is optimized with the Yoast SEO plugin v24.1 - https:\/\/yoast.com\/wordpress\/plugins\/seo\/ -->\n<title>IMPORTANT ! Guide d\u2019information SI-DEP \u2013 Communication du Minist\u00e8re de la Sant\u00e9 - Infirmi\u00e8res<\/title>\n<meta name=\"robots\" content=\"noindex, follow, max-snippet:-1, max-image-preview:large, max-video-preview:-1\" \/>\n<meta property=\"og:locale\" content=\"fr_FR\" \/>\n<meta property=\"og:type\" content=\"article\" \/>\n<meta property=\"og:title\" content=\"IMPORTANT ! Guide d\u2019information SI-DEP \u2013 Communication du Minist\u00e8re de la Sant\u00e9 - Infirmi\u00e8res\" \/>\n<meta property=\"og:description\" content=\"Suite \u00e0 la publication par la HAS de ses avis du 24 septembre et du 8 octobre, les tests antig\u00e9niques rapides peuvent d\u00e9sormais prendre un r\u00f4le majeur dans la strat\u00e9gie de lutte contre le Covid-19 en France. Le d\u00e9ploiement de ces tests a vocation \u00e0 soutenir la forte mobilisation des laboratoires de biologie m\u00e9dicale en [&hellip;]\" \/>\n<meta property=\"og:url\" content=\"https:\/\/journal.televitale.org\/infirmieres\/blog\/2020\/11\/13\/important-guide-dinformation-si-dep-communication-du-ministere-de-la-sante\/\" \/>\n<meta property=\"og:site_name\" content=\"Infirmi\u00e8res\" \/>\n<meta property=\"article:published_time\" content=\"2020-11-13T15:40:59+00:00\" \/>\n<meta property=\"article:modified_time\" content=\"2025-11-18T16:14:31+00:00\" \/>\n<meta property=\"og:image\" content=\"https:\/\/journal.televitale.org\/infirmieres\/wp-content\/uploads\/sites\/12\/2020\/11\/GuideSIDEP.jpg\" \/>\n\t<meta property=\"og:image:width\" content=\"350\" \/>\n\t<meta property=\"og:image:height\" content=\"172\" \/>\n\t<meta property=\"og:image:type\" content=\"image\/jpeg\" \/>\n<meta name=\"author\" content=\"ldigennaro\" \/>\n<meta name=\"twitter:card\" content=\"summary_large_image\" \/>\n<meta name=\"twitter:label1\" content=\"\u00c9crit par\" \/>\n\t<meta name=\"twitter:data1\" content=\"ldigennaro\" \/>\n\t<meta name=\"twitter:label2\" content=\"Dur\u00e9e de lecture estim\u00e9e\" \/>\n\t<meta name=\"twitter:data2\" content=\"1 minute\" \/>\n<script type=\"application\/ld+json\" class=\"yoast-schema-graph\">{\"@context\":\"https:\/\/schema.org\",\"@graph\":[{\"@type\":\"WebPage\",\"@id\":\"https:\/\/journal.televitale.org\/infirmieres\/blog\/2020\/11\/13\/important-guide-dinformation-si-dep-communication-du-ministere-de-la-sante\/\",\"url\":\"https:\/\/journal.televitale.org\/infirmieres\/blog\/2020\/11\/13\/important-guide-dinformation-si-dep-communication-du-ministere-de-la-sante\/\",\"name\":\"IMPORTANT ! Guide d\u2019information SI-DEP \u2013 Communication du Minist\u00e8re de la Sant\u00e9 - Infirmi\u00e8res\",\"isPartOf\":{\"@id\":\"https:\/\/journal.televitale.org\/infirmieres\/#website\"},\"primaryImageOfPage\":{\"@id\":\"https:\/\/journal.televitale.org\/infirmieres\/blog\/2020\/11\/13\/important-guide-dinformation-si-dep-communication-du-ministere-de-la-sante\/#primaryimage\"},\"image\":{\"@id\":\"https:\/\/journal.televitale.org\/infirmieres\/blog\/2020\/11\/13\/important-guide-dinformation-si-dep-communication-du-ministere-de-la-sante\/#primaryimage\"},\"thumbnailUrl\":\"https:\/\/journal.televitale.org\/infirmieres\/wp-content\/uploads\/sites\/12\/2020\/11\/GuideSIDEP.jpg\",\"datePublished\":\"2020-11-13T15:40:59+00:00\",\"dateModified\":\"2025-11-18T16:14:31+00:00\",\"author\":{\"@id\":\"https:\/\/journal.televitale.org\/infirmieres\/#\/schema\/person\/a49f287a8998f69d43caeb2d1ddd0531\"},\"breadcrumb\":{\"@id\":\"https:\/\/journal.televitale.org\/infirmieres\/blog\/2020\/11\/13\/important-guide-dinformation-si-dep-communication-du-ministere-de-la-sante\/#breadcrumb\"},\"inLanguage\":\"fr-FR\",\"potentialAction\":[{\"@type\":\"ReadAction\",\"target\":[\"https:\/\/journal.televitale.org\/infirmieres\/blog\/2020\/11\/13\/important-guide-dinformation-si-dep-communication-du-ministere-de-la-sante\/\"]}]},{\"@type\":\"ImageObject\",\"inLanguage\":\"fr-FR\",\"@id\":\"https:\/\/journal.televitale.org\/infirmieres\/blog\/2020\/11\/13\/important-guide-dinformation-si-dep-communication-du-ministere-de-la-sante\/#primaryimage\",\"url\":\"https:\/\/journal.televitale.org\/infirmieres\/wp-content\/uploads\/sites\/12\/2020\/11\/GuideSIDEP.jpg\",\"contentUrl\":\"https:\/\/journal.televitale.org\/infirmieres\/wp-content\/uploads\/sites\/12\/2020\/11\/GuideSIDEP.jpg\",\"width\":350,\"height\":172},{\"@type\":\"BreadcrumbList\",\"@id\":\"https:\/\/journal.televitale.org\/infirmieres\/blog\/2020\/11\/13\/important-guide-dinformation-si-dep-communication-du-ministere-de-la-sante\/#breadcrumb\",\"itemListElement\":[{\"@type\":\"ListItem\",\"position\":1,\"name\":\"Accueil\",\"item\":\"https:\/\/journal.televitale.org\/infirmieres\/\"},{\"@type\":\"ListItem\",\"position\":2,\"name\":\"IMPORTANT ! Guide d\u2019information SI-DEP \u2013 Communication du Minist\u00e8re de la Sant\u00e9\"}]},{\"@type\":\"WebSite\",\"@id\":\"https:\/\/journal.televitale.org\/infirmieres\/#website\",\"url\":\"https:\/\/journal.televitale.org\/infirmieres\/\",\"name\":\"Infirmi\u00e8res\",\"description\":\"\",\"potentialAction\":[{\"@type\":\"SearchAction\",\"target\":{\"@type\":\"EntryPoint\",\"urlTemplate\":\"https:\/\/journal.televitale.org\/infirmieres\/?s={search_term_string}\"},\"query-input\":{\"@type\":\"PropertyValueSpecification\",\"valueRequired\":true,\"valueName\":\"search_term_string\"}}],\"inLanguage\":\"fr-FR\"},{\"@type\":\"Person\",\"@id\":\"https:\/\/journal.televitale.org\/infirmieres\/#\/schema\/person\/a49f287a8998f69d43caeb2d1ddd0531\",\"name\":\"ldigennaro\",\"image\":{\"@type\":\"ImageObject\",\"inLanguage\":\"fr-FR\",\"@id\":\"https:\/\/journal.televitale.org\/infirmieres\/#\/schema\/person\/image\/\",\"url\":\"https:\/\/secure.gravatar.com\/avatar\/a68c2eaf7a8d7e660fd7ad58fbb9a28c?s=96&d=mm&r=g\",\"contentUrl\":\"https:\/\/secure.gravatar.com\/avatar\/a68c2eaf7a8d7e660fd7ad58fbb9a28c?s=96&d=mm&r=g\",\"caption\":\"ldigennaro\"},\"url\":\"https:\/\/journal.televitale.org\/infirmieres\/blog\/author\/ldigennaro\/\"}]}<\/script>\n<!-- \/ Yoast SEO plugin. -->","yoast_head_json":{"title":"IMPORTANT ! Guide d\u2019information SI-DEP \u2013 Communication du Minist\u00e8re de la Sant\u00e9 - Infirmi\u00e8res","robots":{"index":"noindex","follow":"follow","max-snippet":"max-snippet:-1","max-image-preview":"max-image-preview:large","max-video-preview":"max-video-preview:-1"},"og_locale":"fr_FR","og_type":"article","og_title":"IMPORTANT ! Guide d\u2019information SI-DEP \u2013 Communication du Minist\u00e8re de la Sant\u00e9 - Infirmi\u00e8res","og_description":"Suite \u00e0 la publication par la HAS de ses avis du 24 septembre et du 8 octobre, les tests antig\u00e9niques rapides peuvent d\u00e9sormais prendre un r\u00f4le majeur dans la strat\u00e9gie de lutte contre le Covid-19 en France. Le d\u00e9ploiement de ces tests a vocation \u00e0 soutenir la forte mobilisation des laboratoires de biologie m\u00e9dicale en [&hellip;]","og_url":"https:\/\/journal.televitale.org\/infirmieres\/blog\/2020\/11\/13\/important-guide-dinformation-si-dep-communication-du-ministere-de-la-sante\/","og_site_name":"Infirmi\u00e8res","article_published_time":"2020-11-13T15:40:59+00:00","article_modified_time":"2025-11-18T16:14:31+00:00","og_image":[{"width":350,"height":172,"url":"https:\/\/journal.televitale.org\/infirmieres\/wp-content\/uploads\/sites\/12\/2020\/11\/GuideSIDEP.jpg","type":"image\/jpeg"}],"author":"ldigennaro","twitter_card":"summary_large_image","twitter_misc":{"\u00c9crit par":"ldigennaro","Dur\u00e9e de lecture estim\u00e9e":"1 minute"},"schema":{"@context":"https:\/\/schema.org","@graph":[{"@type":"WebPage","@id":"https:\/\/journal.televitale.org\/infirmieres\/blog\/2020\/11\/13\/important-guide-dinformation-si-dep-communication-du-ministere-de-la-sante\/","url":"https:\/\/journal.televitale.org\/infirmieres\/blog\/2020\/11\/13\/important-guide-dinformation-si-dep-communication-du-ministere-de-la-sante\/","name":"IMPORTANT ! Guide d\u2019information SI-DEP \u2013 Communication du Minist\u00e8re de la Sant\u00e9 - Infirmi\u00e8res","isPartOf":{"@id":"https:\/\/journal.televitale.org\/infirmieres\/#website"},"primaryImageOfPage":{"@id":"https:\/\/journal.televitale.org\/infirmieres\/blog\/2020\/11\/13\/important-guide-dinformation-si-dep-communication-du-ministere-de-la-sante\/#primaryimage"},"image":{"@id":"https:\/\/journal.televitale.org\/infirmieres\/blog\/2020\/11\/13\/important-guide-dinformation-si-dep-communication-du-ministere-de-la-sante\/#primaryimage"},"thumbnailUrl":"https:\/\/journal.televitale.org\/infirmieres\/wp-content\/uploads\/sites\/12\/2020\/11\/GuideSIDEP.jpg","datePublished":"2020-11-13T15:40:59+00:00","dateModified":"2025-11-18T16:14:31+00:00","author":{"@id":"https:\/\/journal.televitale.org\/infirmieres\/#\/schema\/person\/a49f287a8998f69d43caeb2d1ddd0531"},"breadcrumb":{"@id":"https:\/\/journal.televitale.org\/infirmieres\/blog\/2020\/11\/13\/important-guide-dinformation-si-dep-communication-du-ministere-de-la-sante\/#breadcrumb"},"inLanguage":"fr-FR","potentialAction":[{"@type":"ReadAction","target":["https:\/\/journal.televitale.org\/infirmieres\/blog\/2020\/11\/13\/important-guide-dinformation-si-dep-communication-du-ministere-de-la-sante\/"]}]},{"@type":"ImageObject","inLanguage":"fr-FR","@id":"https:\/\/journal.televitale.org\/infirmieres\/blog\/2020\/11\/13\/important-guide-dinformation-si-dep-communication-du-ministere-de-la-sante\/#primaryimage","url":"https:\/\/journal.televitale.org\/infirmieres\/wp-content\/uploads\/sites\/12\/2020\/11\/GuideSIDEP.jpg","contentUrl":"https:\/\/journal.televitale.org\/infirmieres\/wp-content\/uploads\/sites\/12\/2020\/11\/GuideSIDEP.jpg","width":350,"height":172},{"@type":"BreadcrumbList","@id":"https:\/\/journal.televitale.org\/infirmieres\/blog\/2020\/11\/13\/important-guide-dinformation-si-dep-communication-du-ministere-de-la-sante\/#breadcrumb","itemListElement":[{"@type":"ListItem","position":1,"name":"Accueil","item":"https:\/\/journal.televitale.org\/infirmieres\/"},{"@type":"ListItem","position":2,"name":"IMPORTANT ! Guide d\u2019information SI-DEP \u2013 Communication du Minist\u00e8re de la Sant\u00e9"}]},{"@type":"WebSite","@id":"https:\/\/journal.televitale.org\/infirmieres\/#website","url":"https:\/\/journal.televitale.org\/infirmieres\/","name":"Infirmi\u00e8res","description":"","potentialAction":[{"@type":"SearchAction","target":{"@type":"EntryPoint","urlTemplate":"https:\/\/journal.televitale.org\/infirmieres\/?s={search_term_string}"},"query-input":{"@type":"PropertyValueSpecification","valueRequired":true,"valueName":"search_term_string"}}],"inLanguage":"fr-FR"},{"@type":"Person","@id":"https:\/\/journal.televitale.org\/infirmieres\/#\/schema\/person\/a49f287a8998f69d43caeb2d1ddd0531","name":"ldigennaro","image":{"@type":"ImageObject","inLanguage":"fr-FR","@id":"https:\/\/journal.televitale.org\/infirmieres\/#\/schema\/person\/image\/","url":"https:\/\/secure.gravatar.com\/avatar\/a68c2eaf7a8d7e660fd7ad58fbb9a28c?s=96&d=mm&r=g","contentUrl":"https:\/\/secure.gravatar.com\/avatar\/a68c2eaf7a8d7e660fd7ad58fbb9a28c?s=96&d=mm&r=g","caption":"ldigennaro"},"url":"https:\/\/journal.televitale.org\/infirmieres\/blog\/author\/ldigennaro\/"}]}},"_links":{"self":[{"href":"https:\/\/journal.televitale.org\/infirmieres\/wp-json\/wp\/v2\/posts\/11230","targetHints":{"allow":["GET"]}}],"collection":[{"href":"https:\/\/journal.televitale.org\/infirmieres\/wp-json\/wp\/v2\/posts"}],"about":[{"href":"https:\/\/journal.televitale.org\/infirmieres\/wp-json\/wp\/v2\/types\/post"}],"author":[{"embeddable":true,"href":"https:\/\/journal.televitale.org\/infirmieres\/wp-json\/wp\/v2\/users\/4"}],"replies":[{"embeddable":true,"href":"https:\/\/journal.televitale.org\/infirmieres\/wp-json\/wp\/v2\/comments?post=11230"}],"version-history":[{"count":3,"href":"https:\/\/journal.televitale.org\/infirmieres\/wp-json\/wp\/v2\/posts\/11230\/revisions"}],"predecessor-version":[{"id":11235,"href":"https:\/\/journal.televitale.org\/infirmieres\/wp-json\/wp\/v2\/posts\/11230\/revisions\/11235"}],"wp:featuredmedia":[{"embeddable":true,"href":"https:\/\/journal.televitale.org\/infirmieres\/wp-json\/wp\/v2\/media\/11231"}],"wp:attachment":[{"href":"https:\/\/journal.televitale.org\/infirmieres\/wp-json\/wp\/v2\/media?parent=11230"}],"wp:term":[{"taxonomy":"category","embeddable":true,"href":"https:\/\/journal.televitale.org\/infirmieres\/wp-json\/wp\/v2\/categories?post=11230"},{"taxonomy":"post_tag","embeddable":true,"href":"https:\/\/journal.televitale.org\/infirmieres\/wp-json\/wp\/v2\/tags?post=11230"}],"curies":[{"name":"wp","href":"https:\/\/api.w.org\/{rel}","templated":true}]}}