{"id":11896,"date":"2025-07-02T16:21:04","date_gmt":"2025-07-02T14:21:04","guid":{"rendered":"https:\/\/journal.televitale.org\/infirmieres\/?p=11896"},"modified":"2025-11-18T17:13:06","modified_gmt":"2025-11-18T16:13:06","slug":"nouvelle-reglementation-cnam-facturation-des-perfusions","status":"publish","type":"post","link":"https:\/\/journal.televitale.org\/infirmieres\/blog\/2025\/07\/02\/nouvelle-reglementation-cnam-facturation-des-perfusions\/","title":{"rendered":"Nouvelle r\u00e9glementation CNAM : facturation des perfusions"},"content":{"rendered":"<p data-start=\"242\" data-end=\"250\"><img fetchpriority=\"high\" decoding=\"async\" class=\"size-medium wp-image-11897 aligncenter\" src=\"https:\/\/journal.televitale.org\/infirmieres\/wp-content\/uploads\/sites\/12\/2025\/07\/telechargement-1-300x300.jpg\" alt=\"\" width=\"300\" height=\"300\" srcset=\"https:\/\/journal.televitale.org\/infirmieres\/wp-content\/uploads\/sites\/12\/2025\/07\/telechargement-1-300x300.jpg 300w, https:\/\/journal.televitale.org\/infirmieres\/wp-content\/uploads\/sites\/12\/2025\/07\/telechargement-1-150x150.jpg 150w, https:\/\/journal.televitale.org\/infirmieres\/wp-content\/uploads\/sites\/12\/2025\/07\/telechargement-1-768x768.jpg 768w, https:\/\/journal.televitale.org\/infirmieres\/wp-content\/uploads\/sites\/12\/2025\/07\/telechargement-1.jpg 1024w\" sizes=\"(max-width: 300px) 100vw, 300px\" \/><br \/>\nBonjour,<\/p>\n<p data-start=\"252\" data-end=\"508\">La CNAM a publi\u00e9 une circulaire, applicable \u00e0 partir du <strong data-start=\"308\" data-end=\"326\">25 juin 2025<\/strong>, pr\u00e9cisant les modalit\u00e9s de <strong data-start=\"355\" data-end=\"400\">facturation des actes li\u00e9s aux perfusions<\/strong>.<br \/>\n<br data-start=\"401\" data-end=\"404\" \/>\u26a0\ufe0f Les caisses d&rsquo;assurance maladie pourront refuser les factures non conformes aux nouvelles directives.<\/p>\n<p data-start=\"510\" data-end=\"543\"><strong data-start=\"510\" data-end=\"543\">Principaux points \u00e0 retenir :<\/strong><\/p>\n<p data-start=\"545\" data-end=\"651\">\ud83d\udc89 <strong data-start=\"548\" data-end=\"602\">S\u00e9ance de perfusion de plus d\u20191h avec surveillance<\/strong> (aussi appel\u00e9e <em data-start=\"618\" data-end=\"646\">s\u00e9ance de perfusion longue<\/em>) :<\/p>\n<ul>\n<li data-start=\"654\" data-end=\"719\">Ne peut d\u00e9sormais \u00eatre factur\u00e9e <strong data-start=\"686\" data-end=\"716\">qu\u2019une seule fois par jour<\/strong>,<\/li>\n<li data-start=\"654\" data-end=\"719\">Y compris en cas de <strong data-start=\"742\" data-end=\"794\">prescriptions multiples \u00e0 des horaires distincts<\/strong>.<\/li>\n<\/ul>\n<p data-start=\"797\" data-end=\"855\">\u26d4 <strong data-start=\"799\" data-end=\"851\">Interruption de perfusion inf\u00e9rieure \u00e0 24 heures<\/strong> :<\/p>\n<ul>\n<li data-start=\"858\" data-end=\"909\">Consid\u00e9r\u00e9e comme un <strong data-start=\"878\" data-end=\"906\">d\u00e9branchement temporaire<\/strong>,<\/li>\n<li data-start=\"858\" data-end=\"909\">Doit \u00eatre factur\u00e9e en <strong data-start=\"934\" data-end=\"945\">AMI 4.1<\/strong> (et non plus en AMI 5).<\/li>\n<\/ul>\n<p data-start=\"971\" data-end=\"1119\">\ud83d\udcce Pour consulter la circulaire officielle : [<strong><a href=\"https:\/\/static.televitale.org\/pdf\/Autres\/CIR-9-2025%20-%20Facturation%20des%20perfusions.pdf\">ICI<\/a><\/strong>]<br \/>\n<br data-start=\"1032\" data-end=\"1035\" \/>Pour toute question, vous pouvez \u00e9galement vous rapprocher de votre conseiller CPAM.<\/p>\n<p data-start=\"1121\" data-end=\"1160\">Cordialement<br \/>\n<br data-start=\"1134\" data-end=\"1137\" \/>L\u2019\u00e9quipe T\u00e9l\u00e9vitale<\/p>\n","protected":false},"excerpt":{"rendered":"<p>Bonjour, La CNAM a publi\u00e9 une circulaire, applicable \u00e0 partir du 25 juin 2025, pr\u00e9cisant les modalit\u00e9s de facturation des actes li\u00e9s aux perfusions. \u26a0\ufe0f Les caisses d&rsquo;assurance maladie pourront refuser les factures non conformes aux nouvelles directives. Principaux points \u00e0 retenir : \ud83d\udc89 S\u00e9ance de perfusion de plus d\u20191h avec surveillance (aussi appel\u00e9e s\u00e9ance [&hellip;]<\/p>\n","protected":false},"author":10,"featured_media":11897,"comment_status":"closed","ping_status":"closed","sticky":false,"template":"","format":"standard","meta":{"footnotes":""},"categories":[56],"tags":[],"class_list":["post-11896","post","type-post","status-publish","format-standard","has-post-thumbnail","hentry","category-a-la-une"],"yoast_head":"<!-- This site is optimized with the Yoast SEO plugin v24.1 - https:\/\/yoast.com\/wordpress\/plugins\/seo\/ -->\n<title>Nouvelle r\u00e9glementation CNAM : facturation des perfusions - Infirmi\u00e8res<\/title>\n<meta name=\"robots\" content=\"noindex, follow, max-snippet:-1, max-image-preview:large, max-video-preview:-1\" \/>\n<meta property=\"og:locale\" content=\"fr_FR\" \/>\n<meta property=\"og:type\" content=\"article\" \/>\n<meta property=\"og:title\" content=\"Nouvelle r\u00e9glementation CNAM : facturation des perfusions - Infirmi\u00e8res\" \/>\n<meta property=\"og:description\" content=\"Bonjour, La CNAM a publi\u00e9 une circulaire, applicable \u00e0 partir du 25 juin 2025, pr\u00e9cisant les modalit\u00e9s de facturation des actes li\u00e9s aux perfusions. \u26a0\ufe0f Les caisses d&rsquo;assurance maladie pourront refuser les factures non conformes aux nouvelles directives. Principaux points \u00e0 retenir : \ud83d\udc89 S\u00e9ance de perfusion de plus d\u20191h avec surveillance (aussi appel\u00e9e s\u00e9ance [&hellip;]\" \/>\n<meta property=\"og:url\" content=\"https:\/\/journal.televitale.org\/infirmieres\/blog\/2025\/07\/02\/nouvelle-reglementation-cnam-facturation-des-perfusions\/\" \/>\n<meta property=\"og:site_name\" content=\"Infirmi\u00e8res\" \/>\n<meta property=\"article:published_time\" content=\"2025-07-02T14:21:04+00:00\" \/>\n<meta property=\"article:modified_time\" content=\"2025-11-18T16:13:06+00:00\" \/>\n<meta property=\"og:image\" content=\"https:\/\/journal.televitale.org\/infirmieres\/wp-content\/uploads\/sites\/12\/2025\/07\/telechargement-1.jpg\" \/>\n\t<meta property=\"og:image:width\" content=\"1024\" \/>\n\t<meta property=\"og:image:height\" content=\"1024\" \/>\n\t<meta property=\"og:image:type\" content=\"image\/jpeg\" \/>\n<meta name=\"author\" content=\"geoffrey\" \/>\n<meta name=\"twitter:card\" content=\"summary_large_image\" \/>\n<meta name=\"twitter:label1\" content=\"\u00c9crit par\" \/>\n\t<meta name=\"twitter:data1\" content=\"geoffrey\" \/>\n\t<meta name=\"twitter:label2\" content=\"Dur\u00e9e de lecture estim\u00e9e\" \/>\n\t<meta name=\"twitter:data2\" content=\"2 minutes\" \/>\n<script type=\"application\/ld+json\" class=\"yoast-schema-graph\">{\"@context\":\"https:\/\/schema.org\",\"@graph\":[{\"@type\":\"WebPage\",\"@id\":\"https:\/\/journal.televitale.org\/infirmieres\/blog\/2025\/07\/02\/nouvelle-reglementation-cnam-facturation-des-perfusions\/\",\"url\":\"https:\/\/journal.televitale.org\/infirmieres\/blog\/2025\/07\/02\/nouvelle-reglementation-cnam-facturation-des-perfusions\/\",\"name\":\"Nouvelle r\u00e9glementation CNAM : facturation des perfusions - Infirmi\u00e8res\",\"isPartOf\":{\"@id\":\"https:\/\/journal.televitale.org\/infirmieres\/#website\"},\"primaryImageOfPage\":{\"@id\":\"https:\/\/journal.televitale.org\/infirmieres\/blog\/2025\/07\/02\/nouvelle-reglementation-cnam-facturation-des-perfusions\/#primaryimage\"},\"image\":{\"@id\":\"https:\/\/journal.televitale.org\/infirmieres\/blog\/2025\/07\/02\/nouvelle-reglementation-cnam-facturation-des-perfusions\/#primaryimage\"},\"thumbnailUrl\":\"https:\/\/journal.televitale.org\/infirmieres\/wp-content\/uploads\/sites\/12\/2025\/07\/telechargement-1.jpg\",\"datePublished\":\"2025-07-02T14:21:04+00:00\",\"dateModified\":\"2025-11-18T16:13:06+00:00\",\"author\":{\"@id\":\"https:\/\/journal.televitale.org\/infirmieres\/#\/schema\/person\/b28dc7e7a8014ead4cd53cffa87466ce\"},\"breadcrumb\":{\"@id\":\"https:\/\/journal.televitale.org\/infirmieres\/blog\/2025\/07\/02\/nouvelle-reglementation-cnam-facturation-des-perfusions\/#breadcrumb\"},\"inLanguage\":\"fr-FR\",\"potentialAction\":[{\"@type\":\"ReadAction\",\"target\":[\"https:\/\/journal.televitale.org\/infirmieres\/blog\/2025\/07\/02\/nouvelle-reglementation-cnam-facturation-des-perfusions\/\"]}]},{\"@type\":\"ImageObject\",\"inLanguage\":\"fr-FR\",\"@id\":\"https:\/\/journal.televitale.org\/infirmieres\/blog\/2025\/07\/02\/nouvelle-reglementation-cnam-facturation-des-perfusions\/#primaryimage\",\"url\":\"https:\/\/journal.televitale.org\/infirmieres\/wp-content\/uploads\/sites\/12\/2025\/07\/telechargement-1.jpg\",\"contentUrl\":\"https:\/\/journal.televitale.org\/infirmieres\/wp-content\/uploads\/sites\/12\/2025\/07\/telechargement-1.jpg\",\"width\":1024,\"height\":1024},{\"@type\":\"BreadcrumbList\",\"@id\":\"https:\/\/journal.televitale.org\/infirmieres\/blog\/2025\/07\/02\/nouvelle-reglementation-cnam-facturation-des-perfusions\/#breadcrumb\",\"itemListElement\":[{\"@type\":\"ListItem\",\"position\":1,\"name\":\"Accueil\",\"item\":\"https:\/\/journal.televitale.org\/infirmieres\/\"},{\"@type\":\"ListItem\",\"position\":2,\"name\":\"Nouvelle r\u00e9glementation CNAM : facturation des perfusions\"}]},{\"@type\":\"WebSite\",\"@id\":\"https:\/\/journal.televitale.org\/infirmieres\/#website\",\"url\":\"https:\/\/journal.televitale.org\/infirmieres\/\",\"name\":\"Infirmi\u00e8res\",\"description\":\"\",\"potentialAction\":[{\"@type\":\"SearchAction\",\"target\":{\"@type\":\"EntryPoint\",\"urlTemplate\":\"https:\/\/journal.televitale.org\/infirmieres\/?s={search_term_string}\"},\"query-input\":{\"@type\":\"PropertyValueSpecification\",\"valueRequired\":true,\"valueName\":\"search_term_string\"}}],\"inLanguage\":\"fr-FR\"},{\"@type\":\"Person\",\"@id\":\"https:\/\/journal.televitale.org\/infirmieres\/#\/schema\/person\/b28dc7e7a8014ead4cd53cffa87466ce\",\"name\":\"geoffrey\",\"image\":{\"@type\":\"ImageObject\",\"inLanguage\":\"fr-FR\",\"@id\":\"https:\/\/journal.televitale.org\/infirmieres\/#\/schema\/person\/image\/\",\"url\":\"https:\/\/secure.gravatar.com\/avatar\/d3fed2e90cf5f1a819161327a7c4dcdd?s=96&d=mm&r=g\",\"contentUrl\":\"https:\/\/secure.gravatar.com\/avatar\/d3fed2e90cf5f1a819161327a7c4dcdd?s=96&d=mm&r=g\",\"caption\":\"geoffrey\"},\"url\":\"https:\/\/journal.televitale.org\/infirmieres\/blog\/author\/geoffrey\/\"}]}<\/script>\n<!-- \/ Yoast SEO plugin. -->","yoast_head_json":{"title":"Nouvelle r\u00e9glementation CNAM : facturation des perfusions - Infirmi\u00e8res","robots":{"index":"noindex","follow":"follow","max-snippet":"max-snippet:-1","max-image-preview":"max-image-preview:large","max-video-preview":"max-video-preview:-1"},"og_locale":"fr_FR","og_type":"article","og_title":"Nouvelle r\u00e9glementation CNAM : facturation des perfusions - Infirmi\u00e8res","og_description":"Bonjour, La CNAM a publi\u00e9 une circulaire, applicable \u00e0 partir du 25 juin 2025, pr\u00e9cisant les modalit\u00e9s de facturation des actes li\u00e9s aux perfusions. \u26a0\ufe0f Les caisses d&rsquo;assurance maladie pourront refuser les factures non conformes aux nouvelles directives. Principaux points \u00e0 retenir : \ud83d\udc89 S\u00e9ance de perfusion de plus d\u20191h avec surveillance (aussi appel\u00e9e s\u00e9ance [&hellip;]","og_url":"https:\/\/journal.televitale.org\/infirmieres\/blog\/2025\/07\/02\/nouvelle-reglementation-cnam-facturation-des-perfusions\/","og_site_name":"Infirmi\u00e8res","article_published_time":"2025-07-02T14:21:04+00:00","article_modified_time":"2025-11-18T16:13:06+00:00","og_image":[{"width":1024,"height":1024,"url":"https:\/\/journal.televitale.org\/infirmieres\/wp-content\/uploads\/sites\/12\/2025\/07\/telechargement-1.jpg","type":"image\/jpeg"}],"author":"geoffrey","twitter_card":"summary_large_image","twitter_misc":{"\u00c9crit par":"geoffrey","Dur\u00e9e de lecture estim\u00e9e":"2 minutes"},"schema":{"@context":"https:\/\/schema.org","@graph":[{"@type":"WebPage","@id":"https:\/\/journal.televitale.org\/infirmieres\/blog\/2025\/07\/02\/nouvelle-reglementation-cnam-facturation-des-perfusions\/","url":"https:\/\/journal.televitale.org\/infirmieres\/blog\/2025\/07\/02\/nouvelle-reglementation-cnam-facturation-des-perfusions\/","name":"Nouvelle r\u00e9glementation CNAM : facturation des perfusions - Infirmi\u00e8res","isPartOf":{"@id":"https:\/\/journal.televitale.org\/infirmieres\/#website"},"primaryImageOfPage":{"@id":"https:\/\/journal.televitale.org\/infirmieres\/blog\/2025\/07\/02\/nouvelle-reglementation-cnam-facturation-des-perfusions\/#primaryimage"},"image":{"@id":"https:\/\/journal.televitale.org\/infirmieres\/blog\/2025\/07\/02\/nouvelle-reglementation-cnam-facturation-des-perfusions\/#primaryimage"},"thumbnailUrl":"https:\/\/journal.televitale.org\/infirmieres\/wp-content\/uploads\/sites\/12\/2025\/07\/telechargement-1.jpg","datePublished":"2025-07-02T14:21:04+00:00","dateModified":"2025-11-18T16:13:06+00:00","author":{"@id":"https:\/\/journal.televitale.org\/infirmieres\/#\/schema\/person\/b28dc7e7a8014ead4cd53cffa87466ce"},"breadcrumb":{"@id":"https:\/\/journal.televitale.org\/infirmieres\/blog\/2025\/07\/02\/nouvelle-reglementation-cnam-facturation-des-perfusions\/#breadcrumb"},"inLanguage":"fr-FR","potentialAction":[{"@type":"ReadAction","target":["https:\/\/journal.televitale.org\/infirmieres\/blog\/2025\/07\/02\/nouvelle-reglementation-cnam-facturation-des-perfusions\/"]}]},{"@type":"ImageObject","inLanguage":"fr-FR","@id":"https:\/\/journal.televitale.org\/infirmieres\/blog\/2025\/07\/02\/nouvelle-reglementation-cnam-facturation-des-perfusions\/#primaryimage","url":"https:\/\/journal.televitale.org\/infirmieres\/wp-content\/uploads\/sites\/12\/2025\/07\/telechargement-1.jpg","contentUrl":"https:\/\/journal.televitale.org\/infirmieres\/wp-content\/uploads\/sites\/12\/2025\/07\/telechargement-1.jpg","width":1024,"height":1024},{"@type":"BreadcrumbList","@id":"https:\/\/journal.televitale.org\/infirmieres\/blog\/2025\/07\/02\/nouvelle-reglementation-cnam-facturation-des-perfusions\/#breadcrumb","itemListElement":[{"@type":"ListItem","position":1,"name":"Accueil","item":"https:\/\/journal.televitale.org\/infirmieres\/"},{"@type":"ListItem","position":2,"name":"Nouvelle r\u00e9glementation CNAM : facturation des perfusions"}]},{"@type":"WebSite","@id":"https:\/\/journal.televitale.org\/infirmieres\/#website","url":"https:\/\/journal.televitale.org\/infirmieres\/","name":"Infirmi\u00e8res","description":"","potentialAction":[{"@type":"SearchAction","target":{"@type":"EntryPoint","urlTemplate":"https:\/\/journal.televitale.org\/infirmieres\/?s={search_term_string}"},"query-input":{"@type":"PropertyValueSpecification","valueRequired":true,"valueName":"search_term_string"}}],"inLanguage":"fr-FR"},{"@type":"Person","@id":"https:\/\/journal.televitale.org\/infirmieres\/#\/schema\/person\/b28dc7e7a8014ead4cd53cffa87466ce","name":"geoffrey","image":{"@type":"ImageObject","inLanguage":"fr-FR","@id":"https:\/\/journal.televitale.org\/infirmieres\/#\/schema\/person\/image\/","url":"https:\/\/secure.gravatar.com\/avatar\/d3fed2e90cf5f1a819161327a7c4dcdd?s=96&d=mm&r=g","contentUrl":"https:\/\/secure.gravatar.com\/avatar\/d3fed2e90cf5f1a819161327a7c4dcdd?s=96&d=mm&r=g","caption":"geoffrey"},"url":"https:\/\/journal.televitale.org\/infirmieres\/blog\/author\/geoffrey\/"}]}},"_links":{"self":[{"href":"https:\/\/journal.televitale.org\/infirmieres\/wp-json\/wp\/v2\/posts\/11896","targetHints":{"allow":["GET"]}}],"collection":[{"href":"https:\/\/journal.televitale.org\/infirmieres\/wp-json\/wp\/v2\/posts"}],"about":[{"href":"https:\/\/journal.televitale.org\/infirmieres\/wp-json\/wp\/v2\/types\/post"}],"author":[{"embeddable":true,"href":"https:\/\/journal.televitale.org\/infirmieres\/wp-json\/wp\/v2\/users\/10"}],"replies":[{"embeddable":true,"href":"https:\/\/journal.televitale.org\/infirmieres\/wp-json\/wp\/v2\/comments?post=11896"}],"version-history":[{"count":4,"href":"https:\/\/journal.televitale.org\/infirmieres\/wp-json\/wp\/v2\/posts\/11896\/revisions"}],"predecessor-version":[{"id":11903,"href":"https:\/\/journal.televitale.org\/infirmieres\/wp-json\/wp\/v2\/posts\/11896\/revisions\/11903"}],"wp:featuredmedia":[{"embeddable":true,"href":"https:\/\/journal.televitale.org\/infirmieres\/wp-json\/wp\/v2\/media\/11897"}],"wp:attachment":[{"href":"https:\/\/journal.televitale.org\/infirmieres\/wp-json\/wp\/v2\/media?parent=11896"}],"wp:term":[{"taxonomy":"category","embeddable":true,"href":"https:\/\/journal.televitale.org\/infirmieres\/wp-json\/wp\/v2\/categories?post=11896"},{"taxonomy":"post_tag","embeddable":true,"href":"https:\/\/journal.televitale.org\/infirmieres\/wp-json\/wp\/v2\/tags?post=11896"}],"curies":[{"name":"wp","href":"https:\/\/api.w.org\/{rel}","templated":true}]}}