{"id":829,"date":"2019-04-12T11:04:13","date_gmt":"2019-04-12T09:04:13","guid":{"rendered":"http:\/\/wikitelevitale.topaze.com\/?p=829"},"modified":"2025-11-18T17:15:18","modified_gmt":"2025-11-18T16:15:18","slug":"lavenant-n6-est-signe","status":"publish","type":"post","link":"https:\/\/journal.televitale.org\/infirmieres\/blog\/2019\/04\/12\/lavenant-n6-est-signe\/","title":{"rendered":"L\u2019avenant n\u00b06 est sign\u00e9 ! Qu&rsquo;est-ce que \u00e7a change ?"},"content":{"rendered":"<p><img fetchpriority=\"high\" decoding=\"async\" class=\"aligncenter wp-image-831\" src=\"http:\/\/wikitelevitale.topaze.com\/wp-content\/uploads\/2019\/04\/avenant6.jpg\" alt=\"L'avenant 6 est sign\u00e9\" width=\"401\" height=\"267\" \/><span style=\"font-size: 12pt\">Le 29 Mars 2019, L\u2019Union Nationale des Caisses d\u2019Assurance Maladie (UNCAM) ainsi que 2 des 3 syndicats majeurs (la FNI et le SNIL) ont sign\u00e9 l\u2019avenant n\u00b06 \u00e0 la convention nationale. Au total, on estime le b\u00e9n\u00e9fice pour les infirmiers lib\u00e9raux \u00e0 365 millions d\u2019euros sur une p\u00e9riode de 5 ans (2019-2023) dont 350 millions d\u2019euros \u00e0 la charge de l\u2019assurance maladie.<\/span><\/p>\n<p style=\"text-align: justify\"><span style=\"font-size: 12pt\">Pour les 93.000 infirmiers lib\u00e9raux exer\u00e7ant en France, ce 6\u00e8me avenant est un accord-cl\u00e9 pour leur profession. Au-del\u00e0 de la revalorisation de certains actes, on note plusieurs mesures phares :<\/span><\/p>\n<ul style=\"text-align: justify\">\n<li><span style=\"font-size: 12pt\">La\u00a0<strong>mise en place de du bilan de soins infirmiers BSI<\/strong>, qui remplacera la DSI pour les patients d\u00e9pendants de plus de 90 ans \u00e0 compter du 01\/01\/2020, de plus de 85 ans \u00e0 compter du 01\/01\/2021, de plus de 78 ans \u00e0 compter du 01\/01\/2022, pour tous les patients \u00e0 compter du 01\/01\/2023. La r\u00e9mun\u00e9ration ne sera plus \u00e0 l\u2019acte mais sous forme de forfaits journaliers par patient de 13 euros, 18,20 euros ou 28,70 euros en fonction de trois profils de patients d\u00e9termin\u00e9s selon leur charge en soins (l\u00e9g\u00e8re, interm\u00e9diaire ou lourde).<\/span><\/li>\n<li><span style=\"font-size: 12pt\">La cr\u00e9ation d\u2019un nouvel acte pour l\u2019accompagnement \u00e0 domicile de la prise m\u00e9dicamenteuse (3 s\u00e9ances pr\u00e9vues pour favoriser l\u2019adh\u00e9sion au traitement)<\/span><\/li>\n<li><span style=\"font-size: 12pt\">La mise en place de\u00a0<strong>nouvelles dispositions pour les pansements<\/strong>\u00a0avec revalorisation de certains pansements courants, et l\u2019\u00e9volution de certains actes concernant les pansements lourds et complexes<\/span><\/li>\n<li><span style=\"font-size: 12pt\">La\u00a0<strong>prise en charge des jeunes enfants de moins de 7 ans<\/strong>\u00a0b\u00e9n\u00e9ficiera \u00e9galement d\u2019une\u00a0<strong>majoration<\/strong>\u00a0de 3.15\u20ac par acte \u00e0 compter du 01\/01\/2020.<\/span><\/li>\n<li><span style=\"font-size: 12pt\">L\u2019implication des infirmiers dans le<strong>\u00a0d\u00e9ploiement du Dossier M\u00e9dical Partag\u00e9 (DMP)<\/strong>\u00a0sera valoris\u00e9e \u00e0 compter du 1er janvier 2020 (\u00e0 hauteur de 1 euro par ouverture).<\/span><\/li>\n<\/ul>\n<p style=\"text-align: justify\"><span style=\"font-size: 12pt\">Bien \u00e9videmment, le logiciel T\u00e9l\u00e9vitale int\u00e9grera toutes les \u00e9volutions correspondant \u00e0 ce 6\u00e8me avenant.<\/span><\/p>\n<p style=\"text-align: justify\"><span style=\"font-size: 12pt\">Pour en savoir plus :\u00a0<a title=\"L'avenant 6 est sign\u00e9\" href=\"https:\/\/www.ameli.fr\/infirmier\/actualites\/convention-nationale-des-infirmiers-lavenant-6-est-signe\" target=\"_blank\" rel=\"noopener noreferrer\">https:\/\/www.ameli.fr\/infirmier\/actualites\/convention-nationale-des-infirmiers-lavenant-6-est-signe<\/a><\/span><\/p>\n<p>&nbsp;<\/p>\n","protected":false},"excerpt":{"rendered":"<p>Le 29 Mars 2019, L\u2019Union Nationale des Caisses d\u2019Assurance Maladie (UNCAM) ainsi que 2 des 3 syndicats majeurs (la FNI et le SNIL) ont sign\u00e9 l\u2019avenant n\u00b06 \u00e0 la convention nationale. Au total, on estime le b\u00e9n\u00e9fice pour les infirmiers lib\u00e9raux \u00e0 365 millions d\u2019euros sur une p\u00e9riode de 5 ans (2019-2023) dont 350 millions d\u2019euros \u00e0 la charge de l\u2019assurance maladie. <\/p>\n","protected":false},"author":2,"featured_media":10480,"comment_status":"closed","ping_status":"closed","sticky":false,"template":"","format":"standard","meta":{"footnotes":""},"categories":[55,56],"tags":[],"class_list":["post-829","post","type-post","status-publish","format-standard","has-post-thumbnail","hentry","category-actualites","category-a-la-une"],"yoast_head":"<!-- This site is optimized with the Yoast SEO plugin v24.1 - https:\/\/yoast.com\/wordpress\/plugins\/seo\/ -->\n<title>L\u2019avenant n\u00b06 est sign\u00e9 ! Qu&#039;est-ce que \u00e7a change ? - Infirmi\u00e8res<\/title>\n<meta name=\"robots\" content=\"noindex, follow, max-snippet:-1, max-image-preview:large, max-video-preview:-1\" \/>\n<meta property=\"og:locale\" content=\"fr_FR\" \/>\n<meta property=\"og:type\" content=\"article\" \/>\n<meta property=\"og:title\" content=\"L\u2019avenant n\u00b06 est sign\u00e9 ! Qu&#039;est-ce que \u00e7a change ? - Infirmi\u00e8res\" \/>\n<meta property=\"og:description\" content=\"Le 29 Mars 2019, L\u2019Union Nationale des Caisses d\u2019Assurance Maladie (UNCAM) ainsi que 2 des 3 syndicats majeurs (la FNI et le SNIL) ont sign\u00e9 l\u2019avenant n\u00b06 \u00e0 la convention nationale. Au total, on estime le b\u00e9n\u00e9fice pour les infirmiers lib\u00e9raux \u00e0 365 millions d\u2019euros sur une p\u00e9riode de 5 ans (2019-2023) dont 350 millions d\u2019euros \u00e0 la charge de l\u2019assurance maladie.\" \/>\n<meta property=\"og:url\" content=\"https:\/\/journal.televitale.org\/infirmieres\/blog\/2019\/04\/12\/lavenant-n6-est-signe\/\" \/>\n<meta property=\"og:site_name\" content=\"Infirmi\u00e8res\" \/>\n<meta property=\"article:published_time\" content=\"2019-04-12T09:04:13+00:00\" \/>\n<meta property=\"article:modified_time\" content=\"2025-11-18T16:15:18+00:00\" \/>\n<meta property=\"og:image\" content=\"https:\/\/journal.televitale.org\/infirmieres\/wp-content\/uploads\/sites\/12\/2019\/04\/avenant6-1.jpg\" \/>\n\t<meta property=\"og:image:width\" content=\"546\" \/>\n\t<meta property=\"og:image:height\" content=\"269\" \/>\n\t<meta property=\"og:image:type\" content=\"image\/jpeg\" \/>\n<meta name=\"twitter:card\" content=\"summary_large_image\" \/>\n<meta name=\"twitter:label1\" content=\"\u00c9crit par\" \/>\n\t<meta name=\"twitter:data1\" content=\"\" \/>\n\t<meta name=\"twitter:label2\" content=\"Dur\u00e9e de lecture estim\u00e9e\" \/>\n\t<meta name=\"twitter:data2\" content=\"2 minutes\" \/>\n<script type=\"application\/ld+json\" class=\"yoast-schema-graph\">{\"@context\":\"https:\/\/schema.org\",\"@graph\":[{\"@type\":\"WebPage\",\"@id\":\"https:\/\/journal.televitale.org\/infirmieres\/blog\/2019\/04\/12\/lavenant-n6-est-signe\/\",\"url\":\"https:\/\/journal.televitale.org\/infirmieres\/blog\/2019\/04\/12\/lavenant-n6-est-signe\/\",\"name\":\"L\u2019avenant n\u00b06 est sign\u00e9 ! Qu'est-ce que \u00e7a change ? - Infirmi\u00e8res\",\"isPartOf\":{\"@id\":\"https:\/\/journal.televitale.org\/infirmieres\/#website\"},\"primaryImageOfPage\":{\"@id\":\"https:\/\/journal.televitale.org\/infirmieres\/blog\/2019\/04\/12\/lavenant-n6-est-signe\/#primaryimage\"},\"image\":{\"@id\":\"https:\/\/journal.televitale.org\/infirmieres\/blog\/2019\/04\/12\/lavenant-n6-est-signe\/#primaryimage\"},\"thumbnailUrl\":\"https:\/\/journal.televitale.org\/infirmieres\/wp-content\/uploads\/sites\/12\/2019\/04\/avenant6-1.jpg\",\"datePublished\":\"2019-04-12T09:04:13+00:00\",\"dateModified\":\"2025-11-18T16:15:18+00:00\",\"author\":{\"@id\":\"\"},\"breadcrumb\":{\"@id\":\"https:\/\/journal.televitale.org\/infirmieres\/blog\/2019\/04\/12\/lavenant-n6-est-signe\/#breadcrumb\"},\"inLanguage\":\"fr-FR\",\"potentialAction\":[{\"@type\":\"ReadAction\",\"target\":[\"https:\/\/journal.televitale.org\/infirmieres\/blog\/2019\/04\/12\/lavenant-n6-est-signe\/\"]}]},{\"@type\":\"ImageObject\",\"inLanguage\":\"fr-FR\",\"@id\":\"https:\/\/journal.televitale.org\/infirmieres\/blog\/2019\/04\/12\/lavenant-n6-est-signe\/#primaryimage\",\"url\":\"https:\/\/journal.televitale.org\/infirmieres\/wp-content\/uploads\/sites\/12\/2019\/04\/avenant6-1.jpg\",\"contentUrl\":\"https:\/\/journal.televitale.org\/infirmieres\/wp-content\/uploads\/sites\/12\/2019\/04\/avenant6-1.jpg\",\"width\":546,\"height\":269},{\"@type\":\"BreadcrumbList\",\"@id\":\"https:\/\/journal.televitale.org\/infirmieres\/blog\/2019\/04\/12\/lavenant-n6-est-signe\/#breadcrumb\",\"itemListElement\":[{\"@type\":\"ListItem\",\"position\":1,\"name\":\"Accueil\",\"item\":\"https:\/\/journal.televitale.org\/infirmieres\/\"},{\"@type\":\"ListItem\",\"position\":2,\"name\":\"L\u2019avenant n\u00b06 est sign\u00e9 ! Qu&rsquo;est-ce que \u00e7a change ?\"}]},{\"@type\":\"WebSite\",\"@id\":\"https:\/\/journal.televitale.org\/infirmieres\/#website\",\"url\":\"https:\/\/journal.televitale.org\/infirmieres\/\",\"name\":\"Infirmi\u00e8res\",\"description\":\"\",\"potentialAction\":[{\"@type\":\"SearchAction\",\"target\":{\"@type\":\"EntryPoint\",\"urlTemplate\":\"https:\/\/journal.televitale.org\/infirmieres\/?s={search_term_string}\"},\"query-input\":{\"@type\":\"PropertyValueSpecification\",\"valueRequired\":true,\"valueName\":\"search_term_string\"}}],\"inLanguage\":\"fr-FR\"},{\"@type\":\"Person\",\"@id\":\"\",\"url\":\"https:\/\/journal.televitale.org\/infirmieres\/blog\/author\/\"}]}<\/script>\n<!-- \/ Yoast SEO plugin. -->","yoast_head_json":{"title":"L\u2019avenant n\u00b06 est sign\u00e9 ! Qu'est-ce que \u00e7a change ? - Infirmi\u00e8res","robots":{"index":"noindex","follow":"follow","max-snippet":"max-snippet:-1","max-image-preview":"max-image-preview:large","max-video-preview":"max-video-preview:-1"},"og_locale":"fr_FR","og_type":"article","og_title":"L\u2019avenant n\u00b06 est sign\u00e9 ! Qu'est-ce que \u00e7a change ? - Infirmi\u00e8res","og_description":"Le 29 Mars 2019, L\u2019Union Nationale des Caisses d\u2019Assurance Maladie (UNCAM) ainsi que 2 des 3 syndicats majeurs (la FNI et le SNIL) ont sign\u00e9 l\u2019avenant n\u00b06 \u00e0 la convention nationale. Au total, on estime le b\u00e9n\u00e9fice pour les infirmiers lib\u00e9raux \u00e0 365 millions d\u2019euros sur une p\u00e9riode de 5 ans (2019-2023) dont 350 millions d\u2019euros \u00e0 la charge de l\u2019assurance maladie.","og_url":"https:\/\/journal.televitale.org\/infirmieres\/blog\/2019\/04\/12\/lavenant-n6-est-signe\/","og_site_name":"Infirmi\u00e8res","article_published_time":"2019-04-12T09:04:13+00:00","article_modified_time":"2025-11-18T16:15:18+00:00","og_image":[{"width":546,"height":269,"url":"https:\/\/journal.televitale.org\/infirmieres\/wp-content\/uploads\/sites\/12\/2019\/04\/avenant6-1.jpg","type":"image\/jpeg"}],"twitter_card":"summary_large_image","twitter_misc":{"\u00c9crit par":"","Dur\u00e9e de lecture estim\u00e9e":"2 minutes"},"schema":{"@context":"https:\/\/schema.org","@graph":[{"@type":"WebPage","@id":"https:\/\/journal.televitale.org\/infirmieres\/blog\/2019\/04\/12\/lavenant-n6-est-signe\/","url":"https:\/\/journal.televitale.org\/infirmieres\/blog\/2019\/04\/12\/lavenant-n6-est-signe\/","name":"L\u2019avenant n\u00b06 est sign\u00e9 ! Qu'est-ce que \u00e7a change ? - Infirmi\u00e8res","isPartOf":{"@id":"https:\/\/journal.televitale.org\/infirmieres\/#website"},"primaryImageOfPage":{"@id":"https:\/\/journal.televitale.org\/infirmieres\/blog\/2019\/04\/12\/lavenant-n6-est-signe\/#primaryimage"},"image":{"@id":"https:\/\/journal.televitale.org\/infirmieres\/blog\/2019\/04\/12\/lavenant-n6-est-signe\/#primaryimage"},"thumbnailUrl":"https:\/\/journal.televitale.org\/infirmieres\/wp-content\/uploads\/sites\/12\/2019\/04\/avenant6-1.jpg","datePublished":"2019-04-12T09:04:13+00:00","dateModified":"2025-11-18T16:15:18+00:00","author":{"@id":""},"breadcrumb":{"@id":"https:\/\/journal.televitale.org\/infirmieres\/blog\/2019\/04\/12\/lavenant-n6-est-signe\/#breadcrumb"},"inLanguage":"fr-FR","potentialAction":[{"@type":"ReadAction","target":["https:\/\/journal.televitale.org\/infirmieres\/blog\/2019\/04\/12\/lavenant-n6-est-signe\/"]}]},{"@type":"ImageObject","inLanguage":"fr-FR","@id":"https:\/\/journal.televitale.org\/infirmieres\/blog\/2019\/04\/12\/lavenant-n6-est-signe\/#primaryimage","url":"https:\/\/journal.televitale.org\/infirmieres\/wp-content\/uploads\/sites\/12\/2019\/04\/avenant6-1.jpg","contentUrl":"https:\/\/journal.televitale.org\/infirmieres\/wp-content\/uploads\/sites\/12\/2019\/04\/avenant6-1.jpg","width":546,"height":269},{"@type":"BreadcrumbList","@id":"https:\/\/journal.televitale.org\/infirmieres\/blog\/2019\/04\/12\/lavenant-n6-est-signe\/#breadcrumb","itemListElement":[{"@type":"ListItem","position":1,"name":"Accueil","item":"https:\/\/journal.televitale.org\/infirmieres\/"},{"@type":"ListItem","position":2,"name":"L\u2019avenant n\u00b06 est sign\u00e9 ! Qu&rsquo;est-ce que \u00e7a change ?"}]},{"@type":"WebSite","@id":"https:\/\/journal.televitale.org\/infirmieres\/#website","url":"https:\/\/journal.televitale.org\/infirmieres\/","name":"Infirmi\u00e8res","description":"","potentialAction":[{"@type":"SearchAction","target":{"@type":"EntryPoint","urlTemplate":"https:\/\/journal.televitale.org\/infirmieres\/?s={search_term_string}"},"query-input":{"@type":"PropertyValueSpecification","valueRequired":true,"valueName":"search_term_string"}}],"inLanguage":"fr-FR"},{"@type":"Person","@id":"","url":"https:\/\/journal.televitale.org\/infirmieres\/blog\/author\/"}]}},"_links":{"self":[{"href":"https:\/\/journal.televitale.org\/infirmieres\/wp-json\/wp\/v2\/posts\/829","targetHints":{"allow":["GET"]}}],"collection":[{"href":"https:\/\/journal.televitale.org\/infirmieres\/wp-json\/wp\/v2\/posts"}],"about":[{"href":"https:\/\/journal.televitale.org\/infirmieres\/wp-json\/wp\/v2\/types\/post"}],"author":[{"embeddable":true,"href":"https:\/\/journal.televitale.org\/infirmieres\/wp-json\/wp\/v2\/users\/2"}],"replies":[{"embeddable":true,"href":"https:\/\/journal.televitale.org\/infirmieres\/wp-json\/wp\/v2\/comments?post=829"}],"version-history":[{"count":10,"href":"https:\/\/journal.televitale.org\/infirmieres\/wp-json\/wp\/v2\/posts\/829\/revisions"}],"predecessor-version":[{"id":10461,"href":"https:\/\/journal.televitale.org\/infirmieres\/wp-json\/wp\/v2\/posts\/829\/revisions\/10461"}],"wp:featuredmedia":[{"embeddable":true,"href":"https:\/\/journal.televitale.org\/infirmieres\/wp-json\/wp\/v2\/media\/10480"}],"wp:attachment":[{"href":"https:\/\/journal.televitale.org\/infirmieres\/wp-json\/wp\/v2\/media?parent=829"}],"wp:term":[{"taxonomy":"category","embeddable":true,"href":"https:\/\/journal.televitale.org\/infirmieres\/wp-json\/wp\/v2\/categories?post=829"},{"taxonomy":"post_tag","embeddable":true,"href":"https:\/\/journal.televitale.org\/infirmieres\/wp-json\/wp\/v2\/tags?post=829"}],"curies":[{"name":"wp","href":"https:\/\/api.w.org\/{rel}","templated":true}]}}