{"id":10850,"date":"2020-07-02T16:48:51","date_gmt":"2020-07-02T14:48:51","guid":{"rendered":"http:\/\/journal.televitale.org\/kinesitherapeutes\/?p=10850"},"modified":"2020-07-02T17:06:12","modified_gmt":"2020-07-02T15:06:12","slug":"prise-en-charge-des-patients-post-covid-mise-en-place-dactes-derogatoires","status":"publish","type":"post","link":"https:\/\/journal.televitale.org\/kinesitherapeutes\/blog\/2020\/07\/02\/prise-en-charge-des-patients-post-covid-mise-en-place-dactes-derogatoires\/","title":{"rendered":"Prise en charge des patients post-Covid : mise en place d\u2019actes d\u00e9rogatoires"},"content":{"rendered":"<p>18 juin 2020 (source : ameli.fr)<\/p>\n<p>Selon plusieurs avis de la Haute Autorit\u00e9 de sant\u00e9\u00a0(HAS), des soins de r\u00e9\u00e9ducation par le masseur-kin\u00e9sith\u00e9rapeute peuvent \u00eatre n\u00e9cessaires apr\u00e8s une hospitalisation pour infection par le coronavirus. Dans le but de permettre une prise en charge rapide des patients, l\u2019Assurance Maladie autorise les masseurs-kin\u00e9sith\u00e9rapeutes \u00e0 appliquer des\u00a0<strong>cotations d\u00e9rogatoires dans l\u2019attente de travaux conventionnels sp\u00e9cifiques sur les actes recommand\u00e9s par la HAS<\/strong>.<\/p>\n<p>Ainsi, sur prescription m\u00e9dicale et\u00a0<strong>depuis le 2 juin 2020<\/strong>, les masseurs-kin\u00e9sith\u00e9rapeutes peuvent coter dans le cadre de r\u00e9\u00e9ducation individuelle des patients apr\u00e8s hospitalisation pour affections li\u00e9es au Covid-19 :<\/p>\n<ul>\n<li>un\u00a0<strong>AMK 20<\/strong>\u00a0pour r\u00e9\u00e9ducation de d\u00e9ficiences respiratoires et locomotrices, d\u2019une dur\u00e9e de 30 mn environ,<\/li>\n<li>un\u00a0<strong>AMK 28<\/strong>\u00a0pour r\u00e9\u00e9ducation de d\u00e9ficiences respiratoires, locomotrices et neurologiques, d\u2019une dur\u00e9e de 60 mn environ.<\/li>\n<\/ul>\n<p>Ces cotations habituellement applicables pour des soins chez des patients en affection de longue dur\u00e9e (ALD) pour bronchopneumopathie pathologique chronique (BPCO) pourront \u00eatre utilis\u00e9es chez les patients post-Covid-19, adaptables \u00e0 la fatigabilit\u00e9 du patient et\u00a0<strong>r\u00e9alisables au besoin en t\u00e9l\u00e9soin (voir article sur ce sujet) en alternance avec des s\u00e9ances en pr\u00e9sentiel et apr\u00e8s un premier contact en pr\u00e9sentiel\u00a0<\/strong>permettant de r\u00e9aliser le bilan et plan de soin.<\/p>\n<p>Ces actes de r\u00e9\u00e9ducation seront conformes aux principes de prise en charge \u00e9nonc\u00e9s dans les avis de la HAS d\u2019avril 2020.<\/p>\n<p>Le\u00a0<strong>nombre de s\u00e9ances prises en charge<\/strong>\u00a0est\u00a0<strong>limit\u00e9 \u00e0 20 par patient<\/strong>. En cas de n\u00e9cessit\u00e9 de poursuite de la prise en charge, la cotation des actes se fera selon la nomenclature actuelle.<\/p>\n<p>Pour les patients pr\u00e9sentant une infection Covid-19 pris en charge \u00e0 domicile avec une d\u00e9ficience mod\u00e9r\u00e9e ou d\u2019un seul appareil, la r\u00e9\u00e9ducation kin\u00e9sith\u00e9rapique sera cot\u00e9e avec les actes d\u00e9j\u00e0 inscrits \u00e0 la\u00a0nomenclature g\u00e9n\u00e9rale des actes professionnels (NGAP).<\/p>\n<p>La p\u00e9riode d\u2019application de cette mesure d\u00e9rogatoire est limit\u00e9e jusqu\u2019\u00e0 6 mois apr\u00e8s la fin de l\u2019\u00e9tat d\u2019urgence sanitaire.<\/p>\n<p>En parall\u00e8le, des travaux seront rapidement engag\u00e9s avec les partenaires conventionnels.<\/p>\n<p>Dans T\u00e9l\u00e9vitale vous devez choisir un des deux actes suivants lors de la cr\u00e9ation de votre ordonnance (cliquez sur l&rsquo;image pour l&rsquo;agrandir) :<\/p>\n<p><a href=\"https:\/\/journal.televitale.org\/kinesitherapeutes\/wp-content\/uploads\/sites\/14\/2020\/07\/amk20208-1.png\" target=\"_blank\" rel=\"noopener noreferrer\"><img fetchpriority=\"high\" decoding=\"async\" class=\"alignnone size-full wp-image-10851\" src=\"https:\/\/journal.televitale.org\/kinesitherapeutes\/wp-content\/uploads\/sites\/14\/2020\/07\/amk20208-1.png\" alt=\"\" width=\"1237\" height=\"141\" srcset=\"https:\/\/journal.televitale.org\/kinesitherapeutes\/wp-content\/uploads\/sites\/14\/2020\/07\/amk20208-1.png 1237w, https:\/\/journal.televitale.org\/kinesitherapeutes\/wp-content\/uploads\/sites\/14\/2020\/07\/amk20208-1-300x34.png 300w, https:\/\/journal.televitale.org\/kinesitherapeutes\/wp-content\/uploads\/sites\/14\/2020\/07\/amk20208-1-768x88.png 768w, https:\/\/journal.televitale.org\/kinesitherapeutes\/wp-content\/uploads\/sites\/14\/2020\/07\/amk20208-1-1024x117.png 1024w\" sizes=\"(max-width: 1237px) 100vw, 1237px\" \/><\/a><\/p>\n","protected":false},"excerpt":{"rendered":"<p>18 juin 2020 (source : ameli.fr) Selon plusieurs avis de la Haute Autorit\u00e9 de sant\u00e9\u00a0(HAS), des soins de r\u00e9\u00e9ducation par le masseur-kin\u00e9sith\u00e9rapeute peuvent \u00eatre n\u00e9cessaires apr\u00e8s une hospitalisation pour infection par le coronavirus. Dans le but de permettre une prise en charge rapide des patients, l\u2019Assurance Maladie autorise les masseurs-kin\u00e9sith\u00e9rapeutes \u00e0 appliquer des\u00a0cotations d\u00e9rogatoires dans [&hellip;]<\/p>\n","protected":false},"author":4,"featured_media":10853,"comment_status":"open","ping_status":"open","sticky":false,"template":"","format":"standard","meta":{"footnotes":""},"categories":[56,57],"tags":[],"class_list":["post-10850","post","type-post","status-publish","format-standard","has-post-thumbnail","hentry","category-a-la-une","category-infotech"],"yoast_head":"<!-- This site is optimized with the Yoast SEO plugin v24.1 - https:\/\/yoast.com\/wordpress\/plugins\/seo\/ -->\n<title>Prise en charge des patients post-Covid : mise en place d\u2019actes d\u00e9rogatoires - Kinesitherapeutes<\/title>\n<meta name=\"robots\" content=\"noindex, follow, max-snippet:-1, max-image-preview:large, max-video-preview:-1\" \/>\n<meta property=\"og:locale\" content=\"fr_FR\" \/>\n<meta property=\"og:type\" content=\"article\" \/>\n<meta property=\"og:title\" content=\"Prise en charge des patients post-Covid : mise en place d\u2019actes d\u00e9rogatoires - Kinesitherapeutes\" \/>\n<meta property=\"og:description\" content=\"18 juin 2020 (source : ameli.fr) Selon plusieurs avis de la Haute Autorit\u00e9 de sant\u00e9\u00a0(HAS), des soins de r\u00e9\u00e9ducation par le masseur-kin\u00e9sith\u00e9rapeute peuvent \u00eatre n\u00e9cessaires apr\u00e8s une hospitalisation pour infection par le coronavirus. Dans le but de permettre une prise en charge rapide des patients, l\u2019Assurance Maladie autorise les masseurs-kin\u00e9sith\u00e9rapeutes \u00e0 appliquer des\u00a0cotations d\u00e9rogatoires dans [&hellip;]\" \/>\n<meta property=\"og:url\" content=\"https:\/\/journal.televitale.org\/kinesitherapeutes\/blog\/2020\/07\/02\/prise-en-charge-des-patients-post-covid-mise-en-place-dactes-derogatoires\/\" \/>\n<meta property=\"og:site_name\" content=\"Kinesitherapeutes\" \/>\n<meta property=\"article:published_time\" content=\"2020-07-02T14:48:51+00:00\" \/>\n<meta property=\"article:modified_time\" content=\"2020-07-02T15:06:12+00:00\" \/>\n<meta property=\"og:image\" content=\"https:\/\/journal.televitale.org\/kinesitherapeutes\/wp-content\/uploads\/sites\/14\/2020\/07\/amk2028.jpg\" \/>\n\t<meta property=\"og:image:width\" content=\"350\" \/>\n\t<meta property=\"og:image:height\" content=\"172\" \/>\n\t<meta property=\"og:image:type\" content=\"image\/jpeg\" \/>\n<meta name=\"author\" content=\"ldigennaro\" \/>\n<meta name=\"twitter:card\" content=\"summary_large_image\" \/>\n<meta name=\"twitter:label1\" content=\"\u00c9crit par\" \/>\n\t<meta name=\"twitter:data1\" content=\"ldigennaro\" \/>\n\t<meta name=\"twitter:label2\" content=\"Dur\u00e9e de lecture estim\u00e9e\" \/>\n\t<meta name=\"twitter:data2\" content=\"2 minutes\" \/>\n<script type=\"application\/ld+json\" class=\"yoast-schema-graph\">{\"@context\":\"https:\/\/schema.org\",\"@graph\":[{\"@type\":\"WebPage\",\"@id\":\"https:\/\/journal.televitale.org\/kinesitherapeutes\/blog\/2020\/07\/02\/prise-en-charge-des-patients-post-covid-mise-en-place-dactes-derogatoires\/\",\"url\":\"https:\/\/journal.televitale.org\/kinesitherapeutes\/blog\/2020\/07\/02\/prise-en-charge-des-patients-post-covid-mise-en-place-dactes-derogatoires\/\",\"name\":\"Prise en charge des patients post-Covid : mise en place d\u2019actes d\u00e9rogatoires - Kinesitherapeutes\",\"isPartOf\":{\"@id\":\"https:\/\/journal.televitale.org\/kinesitherapeutes\/#website\"},\"primaryImageOfPage\":{\"@id\":\"https:\/\/journal.televitale.org\/kinesitherapeutes\/blog\/2020\/07\/02\/prise-en-charge-des-patients-post-covid-mise-en-place-dactes-derogatoires\/#primaryimage\"},\"image\":{\"@id\":\"https:\/\/journal.televitale.org\/kinesitherapeutes\/blog\/2020\/07\/02\/prise-en-charge-des-patients-post-covid-mise-en-place-dactes-derogatoires\/#primaryimage\"},\"thumbnailUrl\":\"https:\/\/journal.televitale.org\/kinesitherapeutes\/wp-content\/uploads\/sites\/14\/2020\/07\/amk2028.jpg\",\"datePublished\":\"2020-07-02T14:48:51+00:00\",\"dateModified\":\"2020-07-02T15:06:12+00:00\",\"author\":{\"@id\":\"https:\/\/journal.televitale.org\/kinesitherapeutes\/#\/schema\/person\/a49f287a8998f69d43caeb2d1ddd0531\"},\"breadcrumb\":{\"@id\":\"https:\/\/journal.televitale.org\/kinesitherapeutes\/blog\/2020\/07\/02\/prise-en-charge-des-patients-post-covid-mise-en-place-dactes-derogatoires\/#breadcrumb\"},\"inLanguage\":\"fr-FR\",\"potentialAction\":[{\"@type\":\"ReadAction\",\"target\":[\"https:\/\/journal.televitale.org\/kinesitherapeutes\/blog\/2020\/07\/02\/prise-en-charge-des-patients-post-covid-mise-en-place-dactes-derogatoires\/\"]}]},{\"@type\":\"ImageObject\",\"inLanguage\":\"fr-FR\",\"@id\":\"https:\/\/journal.televitale.org\/kinesitherapeutes\/blog\/2020\/07\/02\/prise-en-charge-des-patients-post-covid-mise-en-place-dactes-derogatoires\/#primaryimage\",\"url\":\"https:\/\/journal.televitale.org\/kinesitherapeutes\/wp-content\/uploads\/sites\/14\/2020\/07\/amk2028.jpg\",\"contentUrl\":\"https:\/\/journal.televitale.org\/kinesitherapeutes\/wp-content\/uploads\/sites\/14\/2020\/07\/amk2028.jpg\",\"width\":350,\"height\":172},{\"@type\":\"BreadcrumbList\",\"@id\":\"https:\/\/journal.televitale.org\/kinesitherapeutes\/blog\/2020\/07\/02\/prise-en-charge-des-patients-post-covid-mise-en-place-dactes-derogatoires\/#breadcrumb\",\"itemListElement\":[{\"@type\":\"ListItem\",\"position\":1,\"name\":\"Accueil\",\"item\":\"https:\/\/journal.televitale.org\/kinesitherapeutes\/\"},{\"@type\":\"ListItem\",\"position\":2,\"name\":\"Prise en charge des patients post-Covid : mise en place d\u2019actes d\u00e9rogatoires\"}]},{\"@type\":\"WebSite\",\"@id\":\"https:\/\/journal.televitale.org\/kinesitherapeutes\/#website\",\"url\":\"https:\/\/journal.televitale.org\/kinesitherapeutes\/\",\"name\":\"Kinesitherapeutes\",\"description\":\"\",\"potentialAction\":[{\"@type\":\"SearchAction\",\"target\":{\"@type\":\"EntryPoint\",\"urlTemplate\":\"https:\/\/journal.televitale.org\/kinesitherapeutes\/?s={search_term_string}\"},\"query-input\":{\"@type\":\"PropertyValueSpecification\",\"valueRequired\":true,\"valueName\":\"search_term_string\"}}],\"inLanguage\":\"fr-FR\"},{\"@type\":\"Person\",\"@id\":\"https:\/\/journal.televitale.org\/kinesitherapeutes\/#\/schema\/person\/a49f287a8998f69d43caeb2d1ddd0531\",\"name\":\"ldigennaro\",\"image\":{\"@type\":\"ImageObject\",\"inLanguage\":\"fr-FR\",\"@id\":\"https:\/\/journal.televitale.org\/kinesitherapeutes\/#\/schema\/person\/image\/\",\"url\":\"https:\/\/secure.gravatar.com\/avatar\/a68c2eaf7a8d7e660fd7ad58fbb9a28c?s=96&d=mm&r=g\",\"contentUrl\":\"https:\/\/secure.gravatar.com\/avatar\/a68c2eaf7a8d7e660fd7ad58fbb9a28c?s=96&d=mm&r=g\",\"caption\":\"ldigennaro\"},\"url\":\"https:\/\/journal.televitale.org\/kinesitherapeutes\/blog\/author\/ldigennaro\/\"}]}<\/script>\n<!-- \/ Yoast SEO plugin. -->","yoast_head_json":{"title":"Prise en charge des patients post-Covid : mise en place d\u2019actes d\u00e9rogatoires - Kinesitherapeutes","robots":{"index":"noindex","follow":"follow","max-snippet":"max-snippet:-1","max-image-preview":"max-image-preview:large","max-video-preview":"max-video-preview:-1"},"og_locale":"fr_FR","og_type":"article","og_title":"Prise en charge des patients post-Covid : mise en place d\u2019actes d\u00e9rogatoires - Kinesitherapeutes","og_description":"18 juin 2020 (source : ameli.fr) Selon plusieurs avis de la Haute Autorit\u00e9 de sant\u00e9\u00a0(HAS), des soins de r\u00e9\u00e9ducation par le masseur-kin\u00e9sith\u00e9rapeute peuvent \u00eatre n\u00e9cessaires apr\u00e8s une hospitalisation pour infection par le coronavirus. Dans le but de permettre une prise en charge rapide des patients, l\u2019Assurance Maladie autorise les masseurs-kin\u00e9sith\u00e9rapeutes \u00e0 appliquer des\u00a0cotations d\u00e9rogatoires dans [&hellip;]","og_url":"https:\/\/journal.televitale.org\/kinesitherapeutes\/blog\/2020\/07\/02\/prise-en-charge-des-patients-post-covid-mise-en-place-dactes-derogatoires\/","og_site_name":"Kinesitherapeutes","article_published_time":"2020-07-02T14:48:51+00:00","article_modified_time":"2020-07-02T15:06:12+00:00","og_image":[{"width":350,"height":172,"url":"https:\/\/journal.televitale.org\/kinesitherapeutes\/wp-content\/uploads\/sites\/14\/2020\/07\/amk2028.jpg","type":"image\/jpeg"}],"author":"ldigennaro","twitter_card":"summary_large_image","twitter_misc":{"\u00c9crit par":"ldigennaro","Dur\u00e9e de lecture estim\u00e9e":"2 minutes"},"schema":{"@context":"https:\/\/schema.org","@graph":[{"@type":"WebPage","@id":"https:\/\/journal.televitale.org\/kinesitherapeutes\/blog\/2020\/07\/02\/prise-en-charge-des-patients-post-covid-mise-en-place-dactes-derogatoires\/","url":"https:\/\/journal.televitale.org\/kinesitherapeutes\/blog\/2020\/07\/02\/prise-en-charge-des-patients-post-covid-mise-en-place-dactes-derogatoires\/","name":"Prise en charge des patients post-Covid : mise en place d\u2019actes d\u00e9rogatoires - Kinesitherapeutes","isPartOf":{"@id":"https:\/\/journal.televitale.org\/kinesitherapeutes\/#website"},"primaryImageOfPage":{"@id":"https:\/\/journal.televitale.org\/kinesitherapeutes\/blog\/2020\/07\/02\/prise-en-charge-des-patients-post-covid-mise-en-place-dactes-derogatoires\/#primaryimage"},"image":{"@id":"https:\/\/journal.televitale.org\/kinesitherapeutes\/blog\/2020\/07\/02\/prise-en-charge-des-patients-post-covid-mise-en-place-dactes-derogatoires\/#primaryimage"},"thumbnailUrl":"https:\/\/journal.televitale.org\/kinesitherapeutes\/wp-content\/uploads\/sites\/14\/2020\/07\/amk2028.jpg","datePublished":"2020-07-02T14:48:51+00:00","dateModified":"2020-07-02T15:06:12+00:00","author":{"@id":"https:\/\/journal.televitale.org\/kinesitherapeutes\/#\/schema\/person\/a49f287a8998f69d43caeb2d1ddd0531"},"breadcrumb":{"@id":"https:\/\/journal.televitale.org\/kinesitherapeutes\/blog\/2020\/07\/02\/prise-en-charge-des-patients-post-covid-mise-en-place-dactes-derogatoires\/#breadcrumb"},"inLanguage":"fr-FR","potentialAction":[{"@type":"ReadAction","target":["https:\/\/journal.televitale.org\/kinesitherapeutes\/blog\/2020\/07\/02\/prise-en-charge-des-patients-post-covid-mise-en-place-dactes-derogatoires\/"]}]},{"@type":"ImageObject","inLanguage":"fr-FR","@id":"https:\/\/journal.televitale.org\/kinesitherapeutes\/blog\/2020\/07\/02\/prise-en-charge-des-patients-post-covid-mise-en-place-dactes-derogatoires\/#primaryimage","url":"https:\/\/journal.televitale.org\/kinesitherapeutes\/wp-content\/uploads\/sites\/14\/2020\/07\/amk2028.jpg","contentUrl":"https:\/\/journal.televitale.org\/kinesitherapeutes\/wp-content\/uploads\/sites\/14\/2020\/07\/amk2028.jpg","width":350,"height":172},{"@type":"BreadcrumbList","@id":"https:\/\/journal.televitale.org\/kinesitherapeutes\/blog\/2020\/07\/02\/prise-en-charge-des-patients-post-covid-mise-en-place-dactes-derogatoires\/#breadcrumb","itemListElement":[{"@type":"ListItem","position":1,"name":"Accueil","item":"https:\/\/journal.televitale.org\/kinesitherapeutes\/"},{"@type":"ListItem","position":2,"name":"Prise en charge des patients post-Covid : mise en place d\u2019actes d\u00e9rogatoires"}]},{"@type":"WebSite","@id":"https:\/\/journal.televitale.org\/kinesitherapeutes\/#website","url":"https:\/\/journal.televitale.org\/kinesitherapeutes\/","name":"Kinesitherapeutes","description":"","potentialAction":[{"@type":"SearchAction","target":{"@type":"EntryPoint","urlTemplate":"https:\/\/journal.televitale.org\/kinesitherapeutes\/?s={search_term_string}"},"query-input":{"@type":"PropertyValueSpecification","valueRequired":true,"valueName":"search_term_string"}}],"inLanguage":"fr-FR"},{"@type":"Person","@id":"https:\/\/journal.televitale.org\/kinesitherapeutes\/#\/schema\/person\/a49f287a8998f69d43caeb2d1ddd0531","name":"ldigennaro","image":{"@type":"ImageObject","inLanguage":"fr-FR","@id":"https:\/\/journal.televitale.org\/kinesitherapeutes\/#\/schema\/person\/image\/","url":"https:\/\/secure.gravatar.com\/avatar\/a68c2eaf7a8d7e660fd7ad58fbb9a28c?s=96&d=mm&r=g","contentUrl":"https:\/\/secure.gravatar.com\/avatar\/a68c2eaf7a8d7e660fd7ad58fbb9a28c?s=96&d=mm&r=g","caption":"ldigennaro"},"url":"https:\/\/journal.televitale.org\/kinesitherapeutes\/blog\/author\/ldigennaro\/"}]}},"_links":{"self":[{"href":"https:\/\/journal.televitale.org\/kinesitherapeutes\/wp-json\/wp\/v2\/posts\/10850","targetHints":{"allow":["GET"]}}],"collection":[{"href":"https:\/\/journal.televitale.org\/kinesitherapeutes\/wp-json\/wp\/v2\/posts"}],"about":[{"href":"https:\/\/journal.televitale.org\/kinesitherapeutes\/wp-json\/wp\/v2\/types\/post"}],"author":[{"embeddable":true,"href":"https:\/\/journal.televitale.org\/kinesitherapeutes\/wp-json\/wp\/v2\/users\/4"}],"replies":[{"embeddable":true,"href":"https:\/\/journal.televitale.org\/kinesitherapeutes\/wp-json\/wp\/v2\/comments?post=10850"}],"version-history":[{"count":4,"href":"https:\/\/journal.televitale.org\/kinesitherapeutes\/wp-json\/wp\/v2\/posts\/10850\/revisions"}],"predecessor-version":[{"id":10858,"href":"https:\/\/journal.televitale.org\/kinesitherapeutes\/wp-json\/wp\/v2\/posts\/10850\/revisions\/10858"}],"wp:featuredmedia":[{"embeddable":true,"href":"https:\/\/journal.televitale.org\/kinesitherapeutes\/wp-json\/wp\/v2\/media\/10853"}],"wp:attachment":[{"href":"https:\/\/journal.televitale.org\/kinesitherapeutes\/wp-json\/wp\/v2\/media?parent=10850"}],"wp:term":[{"taxonomy":"category","embeddable":true,"href":"https:\/\/journal.televitale.org\/kinesitherapeutes\/wp-json\/wp\/v2\/categories?post=10850"},{"taxonomy":"post_tag","embeddable":true,"href":"https:\/\/journal.televitale.org\/kinesitherapeutes\/wp-json\/wp\/v2\/tags?post=10850"}],"curies":[{"name":"wp","href":"https:\/\/api.w.org\/{rel}","templated":true}]}}