{"id":662,"date":"2018-12-10T15:12:24","date_gmt":"2018-12-10T14:12:24","guid":{"rendered":"http:\/\/wikitelevitale.topaze.com\/?p=662"},"modified":"2019-07-18T10:22:44","modified_gmt":"2019-07-18T08:22:44","slug":"message-mise-a-jour-impossible-infos-concernant-vos-aides-2019","status":"publish","type":"post","link":"https:\/\/journal.televitale.org\/kinesitherapeutes\/blog\/2018\/12\/10\/message-mise-a-jour-impossible-infos-concernant-vos-aides-2019\/","title":{"rendered":"Message \u00ab\u00a0mise \u00e0 jour impossible\u00a0\u00bb + infos concernant vos aides 2019"},"content":{"rendered":"<p><strong>Mise \u00e0 jour impossible\u00a0?<\/strong><\/p>\n<p>Si vous avez le message\u00a0:<\/p>\n<p><span style=\"font-family: arial, helvetica, sans-serif\"><img fetchpriority=\"high\" decoding=\"async\" class=\"size-full wp-image-655 aligncenter\" src=\"http:\/\/wikitelevitale.topaze.com\/wp-content\/uploads\/2018\/12\/popup.png\" alt=\"\" width=\"459\" height=\"171\" \/><\/span><\/p>\n<p>Ne vous inqui\u00e9tez pas, la mise \u00e0 jour\u00a0 V366 concerne<span style=\"text-decoration: underline\"> uniquement les sp\u00e9cialit\u00e9s Orthophoniste et Orthoptiste<\/span>.<\/p>\n<p>Le d\u00e9ploiement de cette version s\u2019effectuera pour toutes les sp\u00e9cialit\u00e9s en d\u00e9but d\u2019ann\u00e9e prochaine.<\/p>\n<p><strong>ATTENTION\u00a0!<\/strong><\/p>\n<p>Par un courriel dat\u00e9 du 6 D\u00e9cembre 2018 (voir <a href=\"http:\/\/www.topaze-maestro.com\/wp-content\/uploads\/2018\/12\/Communication-officielle-GIE-SESAME-VITALE_kineortho_aides2019.pdf\" target=\"_blank\" rel=\"noopener noreferrer\">ici<\/a>), le GIE SESAM VITALE nous informe que les crit\u00e8res \u00ab\u00a0DMP compatibilit\u00e9\u00a0\u00bb et \u00ab\u00a0Messagerie s\u00e9curis\u00e9e de sant\u00e9\u00a0\u00bb (MSSant\u00e9) ne sont plus obligatoires pour percevoir les aides de l\u2019ann\u00e9e 2018 (vers\u00e9es en 2019).<\/p>\n<p>Si vous disposez de la <span style=\"text-decoration: underline\">version N\u00b0336 ou sup\u00e9rieure<\/span> de TELEVITALE, vous utilisez une version compatible avec ce qui est requis par le GIE SESAM VITALE pour percevoir les aides en 2019.<\/p>\n<p>Pour v\u00e9rifier la version de votre logiciel, allez dans \u00ab\u00a0<em>Aide\u00a0\u00bb \u00ab\u00a0A propos\u00a0\u00bb, \u00ab\u00a0Base de Donn\u00e9es\u00a0\u00bb<\/em><\/p>\n<p><span style=\"font-family: arial, helvetica, sans-serif\"><img decoding=\"async\" class=\"size-full wp-image-656 aligncenter\" src=\"http:\/\/wikitelevitale.topaze.com\/wp-content\/uploads\/2018\/12\/version.png\" alt=\"\" width=\"515\" height=\"437\" \/><\/span><\/p>\n","protected":false},"excerpt":{"rendered":"<p>Que faire si le message \u00ab\u00a0Mise \u00e0 jour impossible\u00a0\u00bb appara\u00eet ?<\/p>\n","protected":false},"author":1,"featured_media":10434,"comment_status":"closed","ping_status":"open","sticky":false,"template":"","format":"standard","meta":{"footnotes":""},"categories":[55,57,58,59],"tags":[],"class_list":["post-662","post","type-post","status-publish","format-standard","has-post-thumbnail","hentry","category-actualites","category-infotech","category-faq-top-10","category-techniques"],"yoast_head":"<!-- This site is optimized with the Yoast SEO plugin v24.1 - https:\/\/yoast.com\/wordpress\/plugins\/seo\/ -->\n<title>Message &quot;mise \u00e0 jour impossible&quot; + infos concernant vos aides 2019 - Kinesitherapeutes<\/title>\n<meta name=\"robots\" content=\"noindex, follow, max-snippet:-1, max-image-preview:large, max-video-preview:-1\" \/>\n<meta property=\"og:locale\" content=\"fr_FR\" \/>\n<meta property=\"og:type\" content=\"article\" \/>\n<meta property=\"og:title\" content=\"Message &quot;mise \u00e0 jour impossible&quot; + infos concernant vos aides 2019 - Kinesitherapeutes\" \/>\n<meta property=\"og:description\" content=\"Que faire si le message &quot;Mise \u00e0 jour impossible&quot; appara\u00eet ?\" \/>\n<meta property=\"og:url\" content=\"https:\/\/journal.televitale.org\/kinesitherapeutes\/blog\/2018\/12\/10\/message-mise-a-jour-impossible-infos-concernant-vos-aides-2019\/\" \/>\n<meta property=\"og:site_name\" content=\"Kinesitherapeutes\" \/>\n<meta property=\"article:published_time\" content=\"2018-12-10T14:12:24+00:00\" \/>\n<meta property=\"article:modified_time\" content=\"2019-07-18T08:22:44+00:00\" \/>\n<meta property=\"og:image\" content=\"https:\/\/journal.televitale.org\/kinesitherapeutes\/wp-content\/uploads\/sites\/14\/2018\/12\/aides.jpg\" \/>\n\t<meta property=\"og:image:width\" content=\"546\" \/>\n\t<meta property=\"og:image:height\" content=\"269\" \/>\n\t<meta property=\"og:image:type\" content=\"image\/jpeg\" \/>\n<meta name=\"author\" content=\"admin\" \/>\n<meta name=\"twitter:card\" content=\"summary_large_image\" \/>\n<meta name=\"twitter:label1\" content=\"\u00c9crit par\" \/>\n\t<meta name=\"twitter:data1\" content=\"admin\" \/>\n\t<meta name=\"twitter:label2\" content=\"Dur\u00e9e de lecture estim\u00e9e\" \/>\n\t<meta name=\"twitter:data2\" content=\"1 minute\" \/>\n<script type=\"application\/ld+json\" class=\"yoast-schema-graph\">{\"@context\":\"https:\/\/schema.org\",\"@graph\":[{\"@type\":\"WebPage\",\"@id\":\"https:\/\/journal.televitale.org\/kinesitherapeutes\/blog\/2018\/12\/10\/message-mise-a-jour-impossible-infos-concernant-vos-aides-2019\/\",\"url\":\"https:\/\/journal.televitale.org\/kinesitherapeutes\/blog\/2018\/12\/10\/message-mise-a-jour-impossible-infos-concernant-vos-aides-2019\/\",\"name\":\"Message \\\"mise \u00e0 jour impossible\\\" + infos concernant vos aides 2019 - Kinesitherapeutes\",\"isPartOf\":{\"@id\":\"https:\/\/journal.televitale.org\/kinesitherapeutes\/#website\"},\"primaryImageOfPage\":{\"@id\":\"https:\/\/journal.televitale.org\/kinesitherapeutes\/blog\/2018\/12\/10\/message-mise-a-jour-impossible-infos-concernant-vos-aides-2019\/#primaryimage\"},\"image\":{\"@id\":\"https:\/\/journal.televitale.org\/kinesitherapeutes\/blog\/2018\/12\/10\/message-mise-a-jour-impossible-infos-concernant-vos-aides-2019\/#primaryimage\"},\"thumbnailUrl\":\"https:\/\/journal.televitale.org\/kinesitherapeutes\/wp-content\/uploads\/sites\/14\/2018\/12\/aides.jpg\",\"datePublished\":\"2018-12-10T14:12:24+00:00\",\"dateModified\":\"2019-07-18T08:22:44+00:00\",\"author\":{\"@id\":\"https:\/\/journal.televitale.org\/kinesitherapeutes\/#\/schema\/person\/407776cc2d48ef6b2b698892b3d9adf8\"},\"breadcrumb\":{\"@id\":\"https:\/\/journal.televitale.org\/kinesitherapeutes\/blog\/2018\/12\/10\/message-mise-a-jour-impossible-infos-concernant-vos-aides-2019\/#breadcrumb\"},\"inLanguage\":\"fr-FR\",\"potentialAction\":[{\"@type\":\"ReadAction\",\"target\":[\"https:\/\/journal.televitale.org\/kinesitherapeutes\/blog\/2018\/12\/10\/message-mise-a-jour-impossible-infos-concernant-vos-aides-2019\/\"]}]},{\"@type\":\"ImageObject\",\"inLanguage\":\"fr-FR\",\"@id\":\"https:\/\/journal.televitale.org\/kinesitherapeutes\/blog\/2018\/12\/10\/message-mise-a-jour-impossible-infos-concernant-vos-aides-2019\/#primaryimage\",\"url\":\"https:\/\/journal.televitale.org\/kinesitherapeutes\/wp-content\/uploads\/sites\/14\/2018\/12\/aides.jpg\",\"contentUrl\":\"https:\/\/journal.televitale.org\/kinesitherapeutes\/wp-content\/uploads\/sites\/14\/2018\/12\/aides.jpg\",\"width\":546,\"height\":269},{\"@type\":\"BreadcrumbList\",\"@id\":\"https:\/\/journal.televitale.org\/kinesitherapeutes\/blog\/2018\/12\/10\/message-mise-a-jour-impossible-infos-concernant-vos-aides-2019\/#breadcrumb\",\"itemListElement\":[{\"@type\":\"ListItem\",\"position\":1,\"name\":\"Accueil\",\"item\":\"https:\/\/journal.televitale.org\/kinesitherapeutes\/\"},{\"@type\":\"ListItem\",\"position\":2,\"name\":\"Message \u00ab\u00a0mise \u00e0 jour impossible\u00a0\u00bb + infos concernant vos aides 2019\"}]},{\"@type\":\"WebSite\",\"@id\":\"https:\/\/journal.televitale.org\/kinesitherapeutes\/#website\",\"url\":\"https:\/\/journal.televitale.org\/kinesitherapeutes\/\",\"name\":\"Kinesitherapeutes\",\"description\":\"\",\"potentialAction\":[{\"@type\":\"SearchAction\",\"target\":{\"@type\":\"EntryPoint\",\"urlTemplate\":\"https:\/\/journal.televitale.org\/kinesitherapeutes\/?s={search_term_string}\"},\"query-input\":{\"@type\":\"PropertyValueSpecification\",\"valueRequired\":true,\"valueName\":\"search_term_string\"}}],\"inLanguage\":\"fr-FR\"},{\"@type\":\"Person\",\"@id\":\"https:\/\/journal.televitale.org\/kinesitherapeutes\/#\/schema\/person\/407776cc2d48ef6b2b698892b3d9adf8\",\"name\":\"admin\",\"image\":{\"@type\":\"ImageObject\",\"inLanguage\":\"fr-FR\",\"@id\":\"https:\/\/journal.televitale.org\/kinesitherapeutes\/#\/schema\/person\/image\/\",\"url\":\"https:\/\/secure.gravatar.com\/avatar\/2a151e5274188c183e3be453e03ffc6c?s=96&d=mm&r=g\",\"contentUrl\":\"https:\/\/secure.gravatar.com\/avatar\/2a151e5274188c183e3be453e03ffc6c?s=96&d=mm&r=g\",\"caption\":\"admin\"},\"url\":\"https:\/\/journal.televitale.org\/kinesitherapeutes\/blog\/author\/admin\/\"}]}<\/script>\n<!-- \/ Yoast SEO plugin. -->","yoast_head_json":{"title":"Message \"mise \u00e0 jour impossible\" + infos concernant vos aides 2019 - Kinesitherapeutes","robots":{"index":"noindex","follow":"follow","max-snippet":"max-snippet:-1","max-image-preview":"max-image-preview:large","max-video-preview":"max-video-preview:-1"},"og_locale":"fr_FR","og_type":"article","og_title":"Message \"mise \u00e0 jour impossible\" + infos concernant vos aides 2019 - Kinesitherapeutes","og_description":"Que faire si le message \"Mise \u00e0 jour impossible\" appara\u00eet ?","og_url":"https:\/\/journal.televitale.org\/kinesitherapeutes\/blog\/2018\/12\/10\/message-mise-a-jour-impossible-infos-concernant-vos-aides-2019\/","og_site_name":"Kinesitherapeutes","article_published_time":"2018-12-10T14:12:24+00:00","article_modified_time":"2019-07-18T08:22:44+00:00","og_image":[{"width":546,"height":269,"url":"https:\/\/journal.televitale.org\/kinesitherapeutes\/wp-content\/uploads\/sites\/14\/2018\/12\/aides.jpg","type":"image\/jpeg"}],"author":"admin","twitter_card":"summary_large_image","twitter_misc":{"\u00c9crit par":"admin","Dur\u00e9e de lecture estim\u00e9e":"1 minute"},"schema":{"@context":"https:\/\/schema.org","@graph":[{"@type":"WebPage","@id":"https:\/\/journal.televitale.org\/kinesitherapeutes\/blog\/2018\/12\/10\/message-mise-a-jour-impossible-infos-concernant-vos-aides-2019\/","url":"https:\/\/journal.televitale.org\/kinesitherapeutes\/blog\/2018\/12\/10\/message-mise-a-jour-impossible-infos-concernant-vos-aides-2019\/","name":"Message \"mise \u00e0 jour impossible\" + infos concernant vos aides 2019 - Kinesitherapeutes","isPartOf":{"@id":"https:\/\/journal.televitale.org\/kinesitherapeutes\/#website"},"primaryImageOfPage":{"@id":"https:\/\/journal.televitale.org\/kinesitherapeutes\/blog\/2018\/12\/10\/message-mise-a-jour-impossible-infos-concernant-vos-aides-2019\/#primaryimage"},"image":{"@id":"https:\/\/journal.televitale.org\/kinesitherapeutes\/blog\/2018\/12\/10\/message-mise-a-jour-impossible-infos-concernant-vos-aides-2019\/#primaryimage"},"thumbnailUrl":"https:\/\/journal.televitale.org\/kinesitherapeutes\/wp-content\/uploads\/sites\/14\/2018\/12\/aides.jpg","datePublished":"2018-12-10T14:12:24+00:00","dateModified":"2019-07-18T08:22:44+00:00","author":{"@id":"https:\/\/journal.televitale.org\/kinesitherapeutes\/#\/schema\/person\/407776cc2d48ef6b2b698892b3d9adf8"},"breadcrumb":{"@id":"https:\/\/journal.televitale.org\/kinesitherapeutes\/blog\/2018\/12\/10\/message-mise-a-jour-impossible-infos-concernant-vos-aides-2019\/#breadcrumb"},"inLanguage":"fr-FR","potentialAction":[{"@type":"ReadAction","target":["https:\/\/journal.televitale.org\/kinesitherapeutes\/blog\/2018\/12\/10\/message-mise-a-jour-impossible-infos-concernant-vos-aides-2019\/"]}]},{"@type":"ImageObject","inLanguage":"fr-FR","@id":"https:\/\/journal.televitale.org\/kinesitherapeutes\/blog\/2018\/12\/10\/message-mise-a-jour-impossible-infos-concernant-vos-aides-2019\/#primaryimage","url":"https:\/\/journal.televitale.org\/kinesitherapeutes\/wp-content\/uploads\/sites\/14\/2018\/12\/aides.jpg","contentUrl":"https:\/\/journal.televitale.org\/kinesitherapeutes\/wp-content\/uploads\/sites\/14\/2018\/12\/aides.jpg","width":546,"height":269},{"@type":"BreadcrumbList","@id":"https:\/\/journal.televitale.org\/kinesitherapeutes\/blog\/2018\/12\/10\/message-mise-a-jour-impossible-infos-concernant-vos-aides-2019\/#breadcrumb","itemListElement":[{"@type":"ListItem","position":1,"name":"Accueil","item":"https:\/\/journal.televitale.org\/kinesitherapeutes\/"},{"@type":"ListItem","position":2,"name":"Message \u00ab\u00a0mise \u00e0 jour impossible\u00a0\u00bb + infos concernant vos aides 2019"}]},{"@type":"WebSite","@id":"https:\/\/journal.televitale.org\/kinesitherapeutes\/#website","url":"https:\/\/journal.televitale.org\/kinesitherapeutes\/","name":"Kinesitherapeutes","description":"","potentialAction":[{"@type":"SearchAction","target":{"@type":"EntryPoint","urlTemplate":"https:\/\/journal.televitale.org\/kinesitherapeutes\/?s={search_term_string}"},"query-input":{"@type":"PropertyValueSpecification","valueRequired":true,"valueName":"search_term_string"}}],"inLanguage":"fr-FR"},{"@type":"Person","@id":"https:\/\/journal.televitale.org\/kinesitherapeutes\/#\/schema\/person\/407776cc2d48ef6b2b698892b3d9adf8","name":"admin","image":{"@type":"ImageObject","inLanguage":"fr-FR","@id":"https:\/\/journal.televitale.org\/kinesitherapeutes\/#\/schema\/person\/image\/","url":"https:\/\/secure.gravatar.com\/avatar\/2a151e5274188c183e3be453e03ffc6c?s=96&d=mm&r=g","contentUrl":"https:\/\/secure.gravatar.com\/avatar\/2a151e5274188c183e3be453e03ffc6c?s=96&d=mm&r=g","caption":"admin"},"url":"https:\/\/journal.televitale.org\/kinesitherapeutes\/blog\/author\/admin\/"}]}},"_links":{"self":[{"href":"https:\/\/journal.televitale.org\/kinesitherapeutes\/wp-json\/wp\/v2\/posts\/662","targetHints":{"allow":["GET"]}}],"collection":[{"href":"https:\/\/journal.televitale.org\/kinesitherapeutes\/wp-json\/wp\/v2\/posts"}],"about":[{"href":"https:\/\/journal.televitale.org\/kinesitherapeutes\/wp-json\/wp\/v2\/types\/post"}],"author":[{"embeddable":true,"href":"https:\/\/journal.televitale.org\/kinesitherapeutes\/wp-json\/wp\/v2\/users\/1"}],"replies":[{"embeddable":true,"href":"https:\/\/journal.televitale.org\/kinesitherapeutes\/wp-json\/wp\/v2\/comments?post=662"}],"version-history":[{"count":6,"href":"https:\/\/journal.televitale.org\/kinesitherapeutes\/wp-json\/wp\/v2\/posts\/662\/revisions"}],"predecessor-version":[{"id":10403,"href":"https:\/\/journal.televitale.org\/kinesitherapeutes\/wp-json\/wp\/v2\/posts\/662\/revisions\/10403"}],"wp:featuredmedia":[{"embeddable":true,"href":"https:\/\/journal.televitale.org\/kinesitherapeutes\/wp-json\/wp\/v2\/media\/10434"}],"wp:attachment":[{"href":"https:\/\/journal.televitale.org\/kinesitherapeutes\/wp-json\/wp\/v2\/media?parent=662"}],"wp:term":[{"taxonomy":"category","embeddable":true,"href":"https:\/\/journal.televitale.org\/kinesitherapeutes\/wp-json\/wp\/v2\/categories?post=662"},{"taxonomy":"post_tag","embeddable":true,"href":"https:\/\/journal.televitale.org\/kinesitherapeutes\/wp-json\/wp\/v2\/tags?post=662"}],"curies":[{"name":"wp","href":"https:\/\/api.w.org\/{rel}","templated":true}]}}