{"id":10583,"date":"2019-10-29T12:19:58","date_gmt":"2019-10-29T11:19:58","guid":{"rendered":"http:\/\/journal.televitale.org\/orthophonistes\/?p=10583"},"modified":"2019-10-29T12:19:58","modified_gmt":"2019-10-29T11:19:58","slug":"ne-laissez-pas-filer-vos-aides-perennes-en-2020","status":"publish","type":"post","link":"https:\/\/journal.televitale.org\/orthophonistes\/blog\/2019\/10\/29\/ne-laissez-pas-filer-vos-aides-perennes-en-2020\/","title":{"rendered":"Ne laissez pas filer vos aides p\u00e9rennes en 2020 !"},"content":{"rendered":"<p><img decoding=\"async\" class=\"size-full wp-image-10584 aligncenter\" src=\"https:\/\/journal.televitale.org\/orthophonistes\/wp-content\/uploads\/sites\/15\/2019\/10\/money-01.jpg\" alt=\"\" width=\"600\" srcset=\"https:\/\/journal.televitale.org\/orthophonistes\/wp-content\/uploads\/sites\/15\/2019\/10\/money-01.jpg 1137w, https:\/\/journal.televitale.org\/orthophonistes\/wp-content\/uploads\/sites\/15\/2019\/10\/money-01-300x148.jpg 300w, https:\/\/journal.televitale.org\/orthophonistes\/wp-content\/uploads\/sites\/15\/2019\/10\/money-01-768x378.jpg 768w, https:\/\/journal.televitale.org\/orthophonistes\/wp-content\/uploads\/sites\/15\/2019\/10\/money-01-1024x504.jpg 1024w\" sizes=\"(max-width: 1137px) 100vw, 1137px\" \/><\/p>\n<p>Ces derni\u00e8res semaines de 2019 vont \u00eatre d&rsquo;une importance capitale pour vous : c&rsquo;est le moment o\u00f9 tout se joue pour obtenir vos aides \u00e0 la t\u00e9l\u00e9transmission. Chez T\u00e9l\u00e9vitale, on vous donne la recette et elle est IN-RA-TABLE.<\/p>\n<p>Pour 490\u20ac d&rsquo;aides \u00e0 la t\u00e9l\u00e9transmission, il vous faut&#8230;<\/p>\n<p><span style=\"text-decoration: underline;\">Quelques ingr\u00e9dients :<\/span><\/p>\n<ul>\n<li><strong>Un logiciel T\u00e9l\u00e9vitale en version 410 <\/strong>(la mise \u00e0 jour vous sera propos\u00e9e dans les prochaines semaines)<\/li>\n<li>Un <strong>lecteur compatible Addendum 7<\/strong> (<a href=\"https:\/\/journal.televitale.org\/orthophonistes\/blog\/2019\/10\/29\/faites-le-point-sur-vos-equipements-les-lecteurs\/\" target=\"_blank\" rel=\"noopener noreferrer\">vous ne savez pas ? Cliquez ici !<\/a>)<\/li>\n<\/ul>\n<h3 style=\"text-align: center;\"><span style=\"color: #0087c5;\"><strong>Si vous n&rsquo;avez pas de lecteur compatible Addendum 7, la prochaine mise \u00e0 jour majeure de T\u00e9l\u00e9vitale qui vous permettra d&rsquo;obtenir les aides financi\u00e8res 2020 ne vous sera pas propos\u00e9e !<\/strong><\/span><\/h3>\n<p><span style=\"text-decoration: underline;\">Un peu de temps :<\/span> comptez <strong>quelques dizaines de minutes pour installer la version 410<\/strong>\u00a0sur votre ordinateur (selon votre connexion internet)<\/p>\n<p><span style=\"text-decoration: underline;\">Un peu de savoir-faire :<\/span><\/p>\n<ul>\n<li>Il vous suffit de <strong>t\u00e9l\u00e9transmettre en version 410 avant le 31\/12\/2019.<\/strong><\/li>\n<li><strong>Avoir atteint un taux de t\u00e9l\u00e9transmission en SESAM-Vitale sup\u00e9rieur ou \u00e9gal \u00e0 70 %<\/strong> (taux calcul\u00e9 sur une ann\u00e9e civile).<\/li>\n<li><strong>Avoir adress\u00e9 une ou plusieurs pi\u00e8ces justificatives conformes (SCOR)<\/strong>, c\u2019est-\u00e0-dire d\u2019une qualit\u00e9 de num\u00e9risation permettant l\u2019atteinte d\u2019un taux d\u2019exploitabilit\u00e9 des pi\u00e8ces de 99 % \u00e0 l\u2019issue d\u2019une p\u00e9riode de 90 jours.<\/li>\n<li><strong>Disposer d&rsquo;une messagerie s\u00e9curis\u00e9e de sant\u00e9<\/strong> : <span style=\"text-decoration: underline;\">cette condition est totalement externe \u00e0 votre logiciel T\u00e9l\u00e9vitale.<\/span> C&rsquo;est \u00e0 vous de contacter votre CIS afin de vous guider !<\/li>\n<\/ul>\n<p>Et c&rsquo;est tout.<\/p>\n<p>Franchement, \u00e7a vaut le coup, non ?<\/p>\n","protected":false},"excerpt":{"rendered":"<p>Ces derni\u00e8res semaines de 2019 vont \u00eatre d&rsquo;une importance capitale pour vous : c&rsquo;est le moment o\u00f9 tout se joue pour obtenir vos aides \u00e0 la t\u00e9l\u00e9transmission. Chez T\u00e9l\u00e9vitale, on vous donne la recette et elle est IN-RA-TABLE. Pour 490\u20ac d&rsquo;aides \u00e0 la t\u00e9l\u00e9transmission, il vous faut&#8230; Quelques ingr\u00e9dients : Un logiciel T\u00e9l\u00e9vitale en version [&hellip;]<\/p>\n","protected":false},"author":4,"featured_media":10586,"comment_status":"open","ping_status":"open","sticky":false,"template":"","format":"standard","meta":{"footnotes":""},"categories":[55,56,57],"tags":[],"class_list":["post-10583","post","type-post","status-publish","format-standard","has-post-thumbnail","hentry","category-actualites","category-a-la-une","category-infotech"],"yoast_head":"<!-- This site is optimized with the Yoast SEO plugin v24.1 - https:\/\/yoast.com\/wordpress\/plugins\/seo\/ -->\n<title>Ne laissez pas filer vos aides p\u00e9rennes en 2020 ! - Orthophonistes<\/title>\n<meta name=\"robots\" content=\"noindex, follow, max-snippet:-1, max-image-preview:large, max-video-preview:-1\" \/>\n<meta property=\"og:locale\" content=\"fr_FR\" \/>\n<meta property=\"og:type\" content=\"article\" \/>\n<meta property=\"og:title\" content=\"Ne laissez pas filer vos aides p\u00e9rennes en 2020 ! - Orthophonistes\" \/>\n<meta property=\"og:description\" content=\"Ces derni\u00e8res semaines de 2019 vont \u00eatre d&rsquo;une importance capitale pour vous : c&rsquo;est le moment o\u00f9 tout se joue pour obtenir vos aides \u00e0 la t\u00e9l\u00e9transmission. Chez T\u00e9l\u00e9vitale, on vous donne la recette et elle est IN-RA-TABLE. Pour 490\u20ac d&rsquo;aides \u00e0 la t\u00e9l\u00e9transmission, il vous faut&#8230; Quelques ingr\u00e9dients : Un logiciel T\u00e9l\u00e9vitale en version [&hellip;]\" \/>\n<meta property=\"og:url\" content=\"https:\/\/journal.televitale.org\/orthophonistes\/blog\/2019\/10\/29\/ne-laissez-pas-filer-vos-aides-perennes-en-2020\/\" \/>\n<meta property=\"og:site_name\" content=\"Orthophonistes\" \/>\n<meta property=\"article:published_time\" content=\"2019-10-29T11:19:58+00:00\" \/>\n<meta property=\"og:image\" content=\"https:\/\/journal.televitale.org\/orthophonistes\/wp-content\/uploads\/sites\/15\/2019\/10\/aides2020.jpg\" \/>\n\t<meta property=\"og:image:width\" content=\"635\" \/>\n\t<meta property=\"og:image:height\" content=\"312\" \/>\n\t<meta property=\"og:image:type\" content=\"image\/jpeg\" \/>\n<meta name=\"author\" content=\"ldigennaro\" \/>\n<meta name=\"twitter:card\" content=\"summary_large_image\" \/>\n<meta name=\"twitter:label1\" content=\"\u00c9crit par\" \/>\n\t<meta name=\"twitter:data1\" content=\"ldigennaro\" \/>\n\t<meta name=\"twitter:label2\" content=\"Dur\u00e9e de lecture estim\u00e9e\" \/>\n\t<meta name=\"twitter:data2\" content=\"1 minute\" \/>\n<script type=\"application\/ld+json\" class=\"yoast-schema-graph\">{\"@context\":\"https:\/\/schema.org\",\"@graph\":[{\"@type\":\"WebPage\",\"@id\":\"https:\/\/journal.televitale.org\/orthophonistes\/blog\/2019\/10\/29\/ne-laissez-pas-filer-vos-aides-perennes-en-2020\/\",\"url\":\"https:\/\/journal.televitale.org\/orthophonistes\/blog\/2019\/10\/29\/ne-laissez-pas-filer-vos-aides-perennes-en-2020\/\",\"name\":\"Ne laissez pas filer vos aides p\u00e9rennes en 2020 ! - Orthophonistes\",\"isPartOf\":{\"@id\":\"https:\/\/journal.televitale.org\/orthophonistes\/#website\"},\"primaryImageOfPage\":{\"@id\":\"https:\/\/journal.televitale.org\/orthophonistes\/blog\/2019\/10\/29\/ne-laissez-pas-filer-vos-aides-perennes-en-2020\/#primaryimage\"},\"image\":{\"@id\":\"https:\/\/journal.televitale.org\/orthophonistes\/blog\/2019\/10\/29\/ne-laissez-pas-filer-vos-aides-perennes-en-2020\/#primaryimage\"},\"thumbnailUrl\":\"https:\/\/journal.televitale.org\/orthophonistes\/wp-content\/uploads\/sites\/15\/2019\/10\/aides2020.jpg\",\"datePublished\":\"2019-10-29T11:19:58+00:00\",\"dateModified\":\"2019-10-29T11:19:58+00:00\",\"author\":{\"@id\":\"https:\/\/journal.televitale.org\/orthophonistes\/#\/schema\/person\/a49f287a8998f69d43caeb2d1ddd0531\"},\"breadcrumb\":{\"@id\":\"https:\/\/journal.televitale.org\/orthophonistes\/blog\/2019\/10\/29\/ne-laissez-pas-filer-vos-aides-perennes-en-2020\/#breadcrumb\"},\"inLanguage\":\"fr-FR\",\"potentialAction\":[{\"@type\":\"ReadAction\",\"target\":[\"https:\/\/journal.televitale.org\/orthophonistes\/blog\/2019\/10\/29\/ne-laissez-pas-filer-vos-aides-perennes-en-2020\/\"]}]},{\"@type\":\"ImageObject\",\"inLanguage\":\"fr-FR\",\"@id\":\"https:\/\/journal.televitale.org\/orthophonistes\/blog\/2019\/10\/29\/ne-laissez-pas-filer-vos-aides-perennes-en-2020\/#primaryimage\",\"url\":\"https:\/\/journal.televitale.org\/orthophonistes\/wp-content\/uploads\/sites\/15\/2019\/10\/aides2020.jpg\",\"contentUrl\":\"https:\/\/journal.televitale.org\/orthophonistes\/wp-content\/uploads\/sites\/15\/2019\/10\/aides2020.jpg\",\"width\":635,\"height\":312},{\"@type\":\"BreadcrumbList\",\"@id\":\"https:\/\/journal.televitale.org\/orthophonistes\/blog\/2019\/10\/29\/ne-laissez-pas-filer-vos-aides-perennes-en-2020\/#breadcrumb\",\"itemListElement\":[{\"@type\":\"ListItem\",\"position\":1,\"name\":\"Accueil\",\"item\":\"https:\/\/journal.televitale.org\/orthophonistes\/\"},{\"@type\":\"ListItem\",\"position\":2,\"name\":\"Ne laissez pas filer vos aides p\u00e9rennes en 2020 !\"}]},{\"@type\":\"WebSite\",\"@id\":\"https:\/\/journal.televitale.org\/orthophonistes\/#website\",\"url\":\"https:\/\/journal.televitale.org\/orthophonistes\/\",\"name\":\"Orthophonistes\",\"description\":\"\",\"potentialAction\":[{\"@type\":\"SearchAction\",\"target\":{\"@type\":\"EntryPoint\",\"urlTemplate\":\"https:\/\/journal.televitale.org\/orthophonistes\/?s={search_term_string}\"},\"query-input\":{\"@type\":\"PropertyValueSpecification\",\"valueRequired\":true,\"valueName\":\"search_term_string\"}}],\"inLanguage\":\"fr-FR\"},{\"@type\":\"Person\",\"@id\":\"https:\/\/journal.televitale.org\/orthophonistes\/#\/schema\/person\/a49f287a8998f69d43caeb2d1ddd0531\",\"name\":\"ldigennaro\",\"image\":{\"@type\":\"ImageObject\",\"inLanguage\":\"fr-FR\",\"@id\":\"https:\/\/journal.televitale.org\/orthophonistes\/#\/schema\/person\/image\/\",\"url\":\"https:\/\/secure.gravatar.com\/avatar\/a68c2eaf7a8d7e660fd7ad58fbb9a28c?s=96&d=mm&r=g\",\"contentUrl\":\"https:\/\/secure.gravatar.com\/avatar\/a68c2eaf7a8d7e660fd7ad58fbb9a28c?s=96&d=mm&r=g\",\"caption\":\"ldigennaro\"},\"url\":\"https:\/\/journal.televitale.org\/orthophonistes\/blog\/author\/ldigennaro\/\"}]}<\/script>\n<!-- \/ Yoast SEO plugin. -->","yoast_head_json":{"title":"Ne laissez pas filer vos aides p\u00e9rennes en 2020 ! - Orthophonistes","robots":{"index":"noindex","follow":"follow","max-snippet":"max-snippet:-1","max-image-preview":"max-image-preview:large","max-video-preview":"max-video-preview:-1"},"og_locale":"fr_FR","og_type":"article","og_title":"Ne laissez pas filer vos aides p\u00e9rennes en 2020 ! - Orthophonistes","og_description":"Ces derni\u00e8res semaines de 2019 vont \u00eatre d&rsquo;une importance capitale pour vous : c&rsquo;est le moment o\u00f9 tout se joue pour obtenir vos aides \u00e0 la t\u00e9l\u00e9transmission. Chez T\u00e9l\u00e9vitale, on vous donne la recette et elle est IN-RA-TABLE. Pour 490\u20ac d&rsquo;aides \u00e0 la t\u00e9l\u00e9transmission, il vous faut&#8230; Quelques ingr\u00e9dients : Un logiciel T\u00e9l\u00e9vitale en version [&hellip;]","og_url":"https:\/\/journal.televitale.org\/orthophonistes\/blog\/2019\/10\/29\/ne-laissez-pas-filer-vos-aides-perennes-en-2020\/","og_site_name":"Orthophonistes","article_published_time":"2019-10-29T11:19:58+00:00","og_image":[{"width":635,"height":312,"url":"https:\/\/journal.televitale.org\/orthophonistes\/wp-content\/uploads\/sites\/15\/2019\/10\/aides2020.jpg","type":"image\/jpeg"}],"author":"ldigennaro","twitter_card":"summary_large_image","twitter_misc":{"\u00c9crit par":"ldigennaro","Dur\u00e9e de lecture estim\u00e9e":"1 minute"},"schema":{"@context":"https:\/\/schema.org","@graph":[{"@type":"WebPage","@id":"https:\/\/journal.televitale.org\/orthophonistes\/blog\/2019\/10\/29\/ne-laissez-pas-filer-vos-aides-perennes-en-2020\/","url":"https:\/\/journal.televitale.org\/orthophonistes\/blog\/2019\/10\/29\/ne-laissez-pas-filer-vos-aides-perennes-en-2020\/","name":"Ne laissez pas filer vos aides p\u00e9rennes en 2020 ! - Orthophonistes","isPartOf":{"@id":"https:\/\/journal.televitale.org\/orthophonistes\/#website"},"primaryImageOfPage":{"@id":"https:\/\/journal.televitale.org\/orthophonistes\/blog\/2019\/10\/29\/ne-laissez-pas-filer-vos-aides-perennes-en-2020\/#primaryimage"},"image":{"@id":"https:\/\/journal.televitale.org\/orthophonistes\/blog\/2019\/10\/29\/ne-laissez-pas-filer-vos-aides-perennes-en-2020\/#primaryimage"},"thumbnailUrl":"https:\/\/journal.televitale.org\/orthophonistes\/wp-content\/uploads\/sites\/15\/2019\/10\/aides2020.jpg","datePublished":"2019-10-29T11:19:58+00:00","dateModified":"2019-10-29T11:19:58+00:00","author":{"@id":"https:\/\/journal.televitale.org\/orthophonistes\/#\/schema\/person\/a49f287a8998f69d43caeb2d1ddd0531"},"breadcrumb":{"@id":"https:\/\/journal.televitale.org\/orthophonistes\/blog\/2019\/10\/29\/ne-laissez-pas-filer-vos-aides-perennes-en-2020\/#breadcrumb"},"inLanguage":"fr-FR","potentialAction":[{"@type":"ReadAction","target":["https:\/\/journal.televitale.org\/orthophonistes\/blog\/2019\/10\/29\/ne-laissez-pas-filer-vos-aides-perennes-en-2020\/"]}]},{"@type":"ImageObject","inLanguage":"fr-FR","@id":"https:\/\/journal.televitale.org\/orthophonistes\/blog\/2019\/10\/29\/ne-laissez-pas-filer-vos-aides-perennes-en-2020\/#primaryimage","url":"https:\/\/journal.televitale.org\/orthophonistes\/wp-content\/uploads\/sites\/15\/2019\/10\/aides2020.jpg","contentUrl":"https:\/\/journal.televitale.org\/orthophonistes\/wp-content\/uploads\/sites\/15\/2019\/10\/aides2020.jpg","width":635,"height":312},{"@type":"BreadcrumbList","@id":"https:\/\/journal.televitale.org\/orthophonistes\/blog\/2019\/10\/29\/ne-laissez-pas-filer-vos-aides-perennes-en-2020\/#breadcrumb","itemListElement":[{"@type":"ListItem","position":1,"name":"Accueil","item":"https:\/\/journal.televitale.org\/orthophonistes\/"},{"@type":"ListItem","position":2,"name":"Ne laissez pas filer vos aides p\u00e9rennes en 2020 !"}]},{"@type":"WebSite","@id":"https:\/\/journal.televitale.org\/orthophonistes\/#website","url":"https:\/\/journal.televitale.org\/orthophonistes\/","name":"Orthophonistes","description":"","potentialAction":[{"@type":"SearchAction","target":{"@type":"EntryPoint","urlTemplate":"https:\/\/journal.televitale.org\/orthophonistes\/?s={search_term_string}"},"query-input":{"@type":"PropertyValueSpecification","valueRequired":true,"valueName":"search_term_string"}}],"inLanguage":"fr-FR"},{"@type":"Person","@id":"https:\/\/journal.televitale.org\/orthophonistes\/#\/schema\/person\/a49f287a8998f69d43caeb2d1ddd0531","name":"ldigennaro","image":{"@type":"ImageObject","inLanguage":"fr-FR","@id":"https:\/\/journal.televitale.org\/orthophonistes\/#\/schema\/person\/image\/","url":"https:\/\/secure.gravatar.com\/avatar\/a68c2eaf7a8d7e660fd7ad58fbb9a28c?s=96&d=mm&r=g","contentUrl":"https:\/\/secure.gravatar.com\/avatar\/a68c2eaf7a8d7e660fd7ad58fbb9a28c?s=96&d=mm&r=g","caption":"ldigennaro"},"url":"https:\/\/journal.televitale.org\/orthophonistes\/blog\/author\/ldigennaro\/"}]}},"_links":{"self":[{"href":"https:\/\/journal.televitale.org\/orthophonistes\/wp-json\/wp\/v2\/posts\/10583","targetHints":{"allow":["GET"]}}],"collection":[{"href":"https:\/\/journal.televitale.org\/orthophonistes\/wp-json\/wp\/v2\/posts"}],"about":[{"href":"https:\/\/journal.televitale.org\/orthophonistes\/wp-json\/wp\/v2\/types\/post"}],"author":[{"embeddable":true,"href":"https:\/\/journal.televitale.org\/orthophonistes\/wp-json\/wp\/v2\/users\/4"}],"replies":[{"embeddable":true,"href":"https:\/\/journal.televitale.org\/orthophonistes\/wp-json\/wp\/v2\/comments?post=10583"}],"version-history":[{"count":2,"href":"https:\/\/journal.televitale.org\/orthophonistes\/wp-json\/wp\/v2\/posts\/10583\/revisions"}],"predecessor-version":[{"id":10631,"href":"https:\/\/journal.televitale.org\/orthophonistes\/wp-json\/wp\/v2\/posts\/10583\/revisions\/10631"}],"wp:featuredmedia":[{"embeddable":true,"href":"https:\/\/journal.televitale.org\/orthophonistes\/wp-json\/wp\/v2\/media\/10586"}],"wp:attachment":[{"href":"https:\/\/journal.televitale.org\/orthophonistes\/wp-json\/wp\/v2\/media?parent=10583"}],"wp:term":[{"taxonomy":"category","embeddable":true,"href":"https:\/\/journal.televitale.org\/orthophonistes\/wp-json\/wp\/v2\/categories?post=10583"},{"taxonomy":"post_tag","embeddable":true,"href":"https:\/\/journal.televitale.org\/orthophonistes\/wp-json\/wp\/v2\/tags?post=10583"}],"curies":[{"name":"wp","href":"https:\/\/api.w.org\/{rel}","templated":true}]}}