{"id":10978,"date":"2022-04-04T15:20:37","date_gmt":"2022-04-04T13:20:37","guid":{"rendered":"http:\/\/journal.televitale.org\/orthophonistes\/?p=10978"},"modified":"2022-04-07T09:48:23","modified_gmt":"2022-04-07T07:48:23","slug":"mise-a-jour-458-addendum-7-disponible","status":"publish","type":"post","link":"https:\/\/journal.televitale.org\/orthophonistes\/blog\/2022\/04\/04\/mise-a-jour-458-addendum-7-disponible\/","title":{"rendered":"Mise \u00e0 jour 458 (Addendum 7) disponible"},"content":{"rendered":"<p><img fetchpriority=\"high\" decoding=\"async\" class=\"size-full wp-image-10619 aligncenter\" src=\"https:\/\/journal.televitale.org\/wp-content\/uploads\/2020\/12\/update4.jpg\" alt=\"\" width=\"350\" height=\"172\" \/><\/p>\n<p>Une nouvelle version de votre logiciel est disponible en t\u00e9l\u00e9chargement.<\/p>\n<p>La mise \u00e0 jour 458 du logiciel T\u00e9l\u00e9vitale int\u00e8gre notamment :<\/p>\n<p>Liste des \u00e9volutions r\u00e9glementaires et conventionnelles (Tables Sesam-Vitale)<\/p>\n<ul>\n<li>Cr\u00e9ation d&rsquo;un code prestation pour demande de t\u00e9l\u00e9expertise &#8211; Ajoutet l\u2019acte RQD aux Orthophonistes<\/li>\n<li>Cr\u00e9ation du code prestation FTD : Forfait troubles neuro-d\u00e9veloppement<\/li>\n<li>Cr\u00e9ation du code prestation TFS t\u00e9l\u00e9soins sages-femmes<\/li>\n<li>Cr\u00e9ation d&rsquo;un code traceur pour les soins non programm\u00e9s &#8211; Modifier l&rsquo;acte SNP<\/li>\n<li>Mise en place des organismes destinataire v3.66 &#8211; Suppression du code r\u00e9gime \u00ab\u00a003\u00a0\u00bb<\/li>\n<li>Avenant 14 des orthoptistes lib\u00e9raux\u00a0: revalorisation du tarif de l\u2019acte FOT<\/li>\n<li>Avenant 9 des m\u00e9decins lib\u00e9raux\u00a0: revalorisation du tarif des actes APC, APV, CNP, TC, NFP, MC<\/li>\n<\/ul>\n<p>Divers corrections et ajustements techniques.<\/p>\n<p>***<\/p>\n<p>Votre logiciel T\u00e9l\u00e9vitale vous proposera automatiquement cette mise \u00e0 jour, <span style=\"color: #ff0000;\"><strong>UNIQUEMENT si vous \u00eates en SQL11<\/strong><\/span>. Si vous \u00eates en SQL9, vous serez bloqu\u00e9 \u00e0 la mise \u00e0 jour 417 maximum. <a href=\"https:\/\/journal.televitale.org\/wp-content\/uploads\/2021\/01\/Passage-SQL-9-vers-SQL-11-monoposte-V2.pdf\" target=\"_blank\" rel=\"noopener noreferrer\"><strong>Pour passer en SQL11 et b\u00e9n\u00e9ficier des mises \u00e0 jour actuelles et futures, cliquez ici pour consulter notre tutoriel.<\/strong><\/a><\/p>\n<p>Vous pouvez \u00e9galement d\u00e9clencher le t\u00e9l\u00e9chargement en cliquant sur le bouton\u00a0<img decoding=\"async\" class=\"alignnone size-full wp-image-10597\" src=\"https:\/\/journal.televitale.org\/autresprofessions\/wp-content\/uploads\/sites\/20\/2019\/12\/arobase.png\" alt=\"\" width=\"30\" height=\"28\" \/>\u00a0dans le menu sup\u00e9rieur de votre logiciel.<\/p>\n","protected":false},"excerpt":{"rendered":"<p>Une nouvelle version de votre logiciel est disponible en t\u00e9l\u00e9chargement. La mise \u00e0 jour 458 du logiciel T\u00e9l\u00e9vitale int\u00e8gre notamment : Liste des \u00e9volutions r\u00e9glementaires et conventionnelles (Tables Sesam-Vitale) Cr\u00e9ation d&rsquo;un code prestation pour demande de t\u00e9l\u00e9expertise &#8211; Ajoutet l\u2019acte RQD aux Orthophonistes Cr\u00e9ation du code prestation FTD : Forfait troubles neuro-d\u00e9veloppement Cr\u00e9ation du code [&hellip;]<\/p>\n","protected":false},"author":4,"featured_media":10692,"comment_status":"open","ping_status":"open","sticky":false,"template":"","format":"standard","meta":{"footnotes":""},"categories":[56,57],"tags":[],"class_list":["post-10978","post","type-post","status-publish","format-standard","has-post-thumbnail","hentry","category-a-la-une","category-infotech"],"yoast_head":"<!-- This site is optimized with the Yoast SEO plugin v24.1 - https:\/\/yoast.com\/wordpress\/plugins\/seo\/ -->\n<title>Mise \u00e0 jour 458 (Addendum 7) disponible - Orthophonistes<\/title>\n<meta name=\"robots\" content=\"noindex, follow, max-snippet:-1, max-image-preview:large, max-video-preview:-1\" \/>\n<meta property=\"og:locale\" content=\"fr_FR\" \/>\n<meta property=\"og:type\" content=\"article\" \/>\n<meta property=\"og:title\" content=\"Mise \u00e0 jour 458 (Addendum 7) disponible - Orthophonistes\" \/>\n<meta property=\"og:description\" content=\"Une nouvelle version de votre logiciel est disponible en t\u00e9l\u00e9chargement. La mise \u00e0 jour 458 du logiciel T\u00e9l\u00e9vitale int\u00e8gre notamment : Liste des \u00e9volutions r\u00e9glementaires et conventionnelles (Tables Sesam-Vitale) Cr\u00e9ation d&rsquo;un code prestation pour demande de t\u00e9l\u00e9expertise &#8211; Ajoutet l\u2019acte RQD aux Orthophonistes Cr\u00e9ation du code prestation FTD : Forfait troubles neuro-d\u00e9veloppement Cr\u00e9ation du code [&hellip;]\" \/>\n<meta property=\"og:url\" content=\"https:\/\/journal.televitale.org\/orthophonistes\/blog\/2022\/04\/04\/mise-a-jour-458-addendum-7-disponible\/\" \/>\n<meta property=\"og:site_name\" content=\"Orthophonistes\" \/>\n<meta property=\"article:published_time\" content=\"2022-04-04T13:20:37+00:00\" \/>\n<meta property=\"article:modified_time\" content=\"2022-04-07T07:48:23+00:00\" \/>\n<meta property=\"og:image\" content=\"https:\/\/journal.televitale.org\/orthophonistes\/wp-content\/uploads\/sites\/15\/2019\/12\/update6.jpg\" \/>\n\t<meta property=\"og:image:width\" content=\"635\" \/>\n\t<meta property=\"og:image:height\" content=\"313\" \/>\n\t<meta property=\"og:image:type\" content=\"image\/jpeg\" \/>\n<meta name=\"author\" content=\"ldigennaro\" \/>\n<meta name=\"twitter:card\" content=\"summary_large_image\" \/>\n<meta name=\"twitter:label1\" content=\"\u00c9crit par\" \/>\n\t<meta name=\"twitter:data1\" content=\"ldigennaro\" \/>\n\t<meta name=\"twitter:label2\" content=\"Dur\u00e9e de lecture estim\u00e9e\" \/>\n\t<meta name=\"twitter:data2\" content=\"1 minute\" \/>\n<script type=\"application\/ld+json\" class=\"yoast-schema-graph\">{\"@context\":\"https:\/\/schema.org\",\"@graph\":[{\"@type\":\"WebPage\",\"@id\":\"https:\/\/journal.televitale.org\/orthophonistes\/blog\/2022\/04\/04\/mise-a-jour-458-addendum-7-disponible\/\",\"url\":\"https:\/\/journal.televitale.org\/orthophonistes\/blog\/2022\/04\/04\/mise-a-jour-458-addendum-7-disponible\/\",\"name\":\"Mise \u00e0 jour 458 (Addendum 7) disponible - Orthophonistes\",\"isPartOf\":{\"@id\":\"https:\/\/journal.televitale.org\/orthophonistes\/#website\"},\"primaryImageOfPage\":{\"@id\":\"https:\/\/journal.televitale.org\/orthophonistes\/blog\/2022\/04\/04\/mise-a-jour-458-addendum-7-disponible\/#primaryimage\"},\"image\":{\"@id\":\"https:\/\/journal.televitale.org\/orthophonistes\/blog\/2022\/04\/04\/mise-a-jour-458-addendum-7-disponible\/#primaryimage\"},\"thumbnailUrl\":\"https:\/\/journal.televitale.org\/orthophonistes\/wp-content\/uploads\/sites\/15\/2019\/12\/update6.jpg\",\"datePublished\":\"2022-04-04T13:20:37+00:00\",\"dateModified\":\"2022-04-07T07:48:23+00:00\",\"author\":{\"@id\":\"https:\/\/journal.televitale.org\/orthophonistes\/#\/schema\/person\/a49f287a8998f69d43caeb2d1ddd0531\"},\"breadcrumb\":{\"@id\":\"https:\/\/journal.televitale.org\/orthophonistes\/blog\/2022\/04\/04\/mise-a-jour-458-addendum-7-disponible\/#breadcrumb\"},\"inLanguage\":\"fr-FR\",\"potentialAction\":[{\"@type\":\"ReadAction\",\"target\":[\"https:\/\/journal.televitale.org\/orthophonistes\/blog\/2022\/04\/04\/mise-a-jour-458-addendum-7-disponible\/\"]}]},{\"@type\":\"ImageObject\",\"inLanguage\":\"fr-FR\",\"@id\":\"https:\/\/journal.televitale.org\/orthophonistes\/blog\/2022\/04\/04\/mise-a-jour-458-addendum-7-disponible\/#primaryimage\",\"url\":\"https:\/\/journal.televitale.org\/orthophonistes\/wp-content\/uploads\/sites\/15\/2019\/12\/update6.jpg\",\"contentUrl\":\"https:\/\/journal.televitale.org\/orthophonistes\/wp-content\/uploads\/sites\/15\/2019\/12\/update6.jpg\",\"width\":635,\"height\":313},{\"@type\":\"BreadcrumbList\",\"@id\":\"https:\/\/journal.televitale.org\/orthophonistes\/blog\/2022\/04\/04\/mise-a-jour-458-addendum-7-disponible\/#breadcrumb\",\"itemListElement\":[{\"@type\":\"ListItem\",\"position\":1,\"name\":\"Accueil\",\"item\":\"https:\/\/journal.televitale.org\/orthophonistes\/\"},{\"@type\":\"ListItem\",\"position\":2,\"name\":\"Mise \u00e0 jour 458 (Addendum 7) disponible\"}]},{\"@type\":\"WebSite\",\"@id\":\"https:\/\/journal.televitale.org\/orthophonistes\/#website\",\"url\":\"https:\/\/journal.televitale.org\/orthophonistes\/\",\"name\":\"Orthophonistes\",\"description\":\"\",\"potentialAction\":[{\"@type\":\"SearchAction\",\"target\":{\"@type\":\"EntryPoint\",\"urlTemplate\":\"https:\/\/journal.televitale.org\/orthophonistes\/?s={search_term_string}\"},\"query-input\":{\"@type\":\"PropertyValueSpecification\",\"valueRequired\":true,\"valueName\":\"search_term_string\"}}],\"inLanguage\":\"fr-FR\"},{\"@type\":\"Person\",\"@id\":\"https:\/\/journal.televitale.org\/orthophonistes\/#\/schema\/person\/a49f287a8998f69d43caeb2d1ddd0531\",\"name\":\"ldigennaro\",\"image\":{\"@type\":\"ImageObject\",\"inLanguage\":\"fr-FR\",\"@id\":\"https:\/\/journal.televitale.org\/orthophonistes\/#\/schema\/person\/image\/\",\"url\":\"https:\/\/secure.gravatar.com\/avatar\/a68c2eaf7a8d7e660fd7ad58fbb9a28c?s=96&d=mm&r=g\",\"contentUrl\":\"https:\/\/secure.gravatar.com\/avatar\/a68c2eaf7a8d7e660fd7ad58fbb9a28c?s=96&d=mm&r=g\",\"caption\":\"ldigennaro\"},\"url\":\"https:\/\/journal.televitale.org\/orthophonistes\/blog\/author\/ldigennaro\/\"}]}<\/script>\n<!-- \/ Yoast SEO plugin. -->","yoast_head_json":{"title":"Mise \u00e0 jour 458 (Addendum 7) disponible - Orthophonistes","robots":{"index":"noindex","follow":"follow","max-snippet":"max-snippet:-1","max-image-preview":"max-image-preview:large","max-video-preview":"max-video-preview:-1"},"og_locale":"fr_FR","og_type":"article","og_title":"Mise \u00e0 jour 458 (Addendum 7) disponible - Orthophonistes","og_description":"Une nouvelle version de votre logiciel est disponible en t\u00e9l\u00e9chargement. La mise \u00e0 jour 458 du logiciel T\u00e9l\u00e9vitale int\u00e8gre notamment : Liste des \u00e9volutions r\u00e9glementaires et conventionnelles (Tables Sesam-Vitale) Cr\u00e9ation d&rsquo;un code prestation pour demande de t\u00e9l\u00e9expertise &#8211; Ajoutet l\u2019acte RQD aux Orthophonistes Cr\u00e9ation du code prestation FTD : Forfait troubles neuro-d\u00e9veloppement Cr\u00e9ation du code [&hellip;]","og_url":"https:\/\/journal.televitale.org\/orthophonistes\/blog\/2022\/04\/04\/mise-a-jour-458-addendum-7-disponible\/","og_site_name":"Orthophonistes","article_published_time":"2022-04-04T13:20:37+00:00","article_modified_time":"2022-04-07T07:48:23+00:00","og_image":[{"width":635,"height":313,"url":"https:\/\/journal.televitale.org\/orthophonistes\/wp-content\/uploads\/sites\/15\/2019\/12\/update6.jpg","type":"image\/jpeg"}],"author":"ldigennaro","twitter_card":"summary_large_image","twitter_misc":{"\u00c9crit par":"ldigennaro","Dur\u00e9e de lecture estim\u00e9e":"1 minute"},"schema":{"@context":"https:\/\/schema.org","@graph":[{"@type":"WebPage","@id":"https:\/\/journal.televitale.org\/orthophonistes\/blog\/2022\/04\/04\/mise-a-jour-458-addendum-7-disponible\/","url":"https:\/\/journal.televitale.org\/orthophonistes\/blog\/2022\/04\/04\/mise-a-jour-458-addendum-7-disponible\/","name":"Mise \u00e0 jour 458 (Addendum 7) disponible - Orthophonistes","isPartOf":{"@id":"https:\/\/journal.televitale.org\/orthophonistes\/#website"},"primaryImageOfPage":{"@id":"https:\/\/journal.televitale.org\/orthophonistes\/blog\/2022\/04\/04\/mise-a-jour-458-addendum-7-disponible\/#primaryimage"},"image":{"@id":"https:\/\/journal.televitale.org\/orthophonistes\/blog\/2022\/04\/04\/mise-a-jour-458-addendum-7-disponible\/#primaryimage"},"thumbnailUrl":"https:\/\/journal.televitale.org\/orthophonistes\/wp-content\/uploads\/sites\/15\/2019\/12\/update6.jpg","datePublished":"2022-04-04T13:20:37+00:00","dateModified":"2022-04-07T07:48:23+00:00","author":{"@id":"https:\/\/journal.televitale.org\/orthophonistes\/#\/schema\/person\/a49f287a8998f69d43caeb2d1ddd0531"},"breadcrumb":{"@id":"https:\/\/journal.televitale.org\/orthophonistes\/blog\/2022\/04\/04\/mise-a-jour-458-addendum-7-disponible\/#breadcrumb"},"inLanguage":"fr-FR","potentialAction":[{"@type":"ReadAction","target":["https:\/\/journal.televitale.org\/orthophonistes\/blog\/2022\/04\/04\/mise-a-jour-458-addendum-7-disponible\/"]}]},{"@type":"ImageObject","inLanguage":"fr-FR","@id":"https:\/\/journal.televitale.org\/orthophonistes\/blog\/2022\/04\/04\/mise-a-jour-458-addendum-7-disponible\/#primaryimage","url":"https:\/\/journal.televitale.org\/orthophonistes\/wp-content\/uploads\/sites\/15\/2019\/12\/update6.jpg","contentUrl":"https:\/\/journal.televitale.org\/orthophonistes\/wp-content\/uploads\/sites\/15\/2019\/12\/update6.jpg","width":635,"height":313},{"@type":"BreadcrumbList","@id":"https:\/\/journal.televitale.org\/orthophonistes\/blog\/2022\/04\/04\/mise-a-jour-458-addendum-7-disponible\/#breadcrumb","itemListElement":[{"@type":"ListItem","position":1,"name":"Accueil","item":"https:\/\/journal.televitale.org\/orthophonistes\/"},{"@type":"ListItem","position":2,"name":"Mise \u00e0 jour 458 (Addendum 7) disponible"}]},{"@type":"WebSite","@id":"https:\/\/journal.televitale.org\/orthophonistes\/#website","url":"https:\/\/journal.televitale.org\/orthophonistes\/","name":"Orthophonistes","description":"","potentialAction":[{"@type":"SearchAction","target":{"@type":"EntryPoint","urlTemplate":"https:\/\/journal.televitale.org\/orthophonistes\/?s={search_term_string}"},"query-input":{"@type":"PropertyValueSpecification","valueRequired":true,"valueName":"search_term_string"}}],"inLanguage":"fr-FR"},{"@type":"Person","@id":"https:\/\/journal.televitale.org\/orthophonistes\/#\/schema\/person\/a49f287a8998f69d43caeb2d1ddd0531","name":"ldigennaro","image":{"@type":"ImageObject","inLanguage":"fr-FR","@id":"https:\/\/journal.televitale.org\/orthophonistes\/#\/schema\/person\/image\/","url":"https:\/\/secure.gravatar.com\/avatar\/a68c2eaf7a8d7e660fd7ad58fbb9a28c?s=96&d=mm&r=g","contentUrl":"https:\/\/secure.gravatar.com\/avatar\/a68c2eaf7a8d7e660fd7ad58fbb9a28c?s=96&d=mm&r=g","caption":"ldigennaro"},"url":"https:\/\/journal.televitale.org\/orthophonistes\/blog\/author\/ldigennaro\/"}]}},"_links":{"self":[{"href":"https:\/\/journal.televitale.org\/orthophonistes\/wp-json\/wp\/v2\/posts\/10978","targetHints":{"allow":["GET"]}}],"collection":[{"href":"https:\/\/journal.televitale.org\/orthophonistes\/wp-json\/wp\/v2\/posts"}],"about":[{"href":"https:\/\/journal.televitale.org\/orthophonistes\/wp-json\/wp\/v2\/types\/post"}],"author":[{"embeddable":true,"href":"https:\/\/journal.televitale.org\/orthophonistes\/wp-json\/wp\/v2\/users\/4"}],"replies":[{"embeddable":true,"href":"https:\/\/journal.televitale.org\/orthophonistes\/wp-json\/wp\/v2\/comments?post=10978"}],"version-history":[{"count":1,"href":"https:\/\/journal.televitale.org\/orthophonistes\/wp-json\/wp\/v2\/posts\/10978\/revisions"}],"predecessor-version":[{"id":10979,"href":"https:\/\/journal.televitale.org\/orthophonistes\/wp-json\/wp\/v2\/posts\/10978\/revisions\/10979"}],"wp:featuredmedia":[{"embeddable":true,"href":"https:\/\/journal.televitale.org\/orthophonistes\/wp-json\/wp\/v2\/media\/10692"}],"wp:attachment":[{"href":"https:\/\/journal.televitale.org\/orthophonistes\/wp-json\/wp\/v2\/media?parent=10978"}],"wp:term":[{"taxonomy":"category","embeddable":true,"href":"https:\/\/journal.televitale.org\/orthophonistes\/wp-json\/wp\/v2\/categories?post=10978"},{"taxonomy":"post_tag","embeddable":true,"href":"https:\/\/journal.televitale.org\/orthophonistes\/wp-json\/wp\/v2\/tags?post=10978"}],"curies":[{"name":"wp","href":"https:\/\/api.w.org\/{rel}","templated":true}]}}