{"id":11127,"date":"2024-01-11T15:10:05","date_gmt":"2024-01-11T14:10:05","guid":{"rendered":"https:\/\/journal.televitale.org\/orthophonistes\/?p=11127"},"modified":"2024-01-11T15:10:05","modified_gmt":"2024-01-11T14:10:05","slug":"mise-a-jour-507-disponible","status":"publish","type":"post","link":"https:\/\/journal.televitale.org\/orthophonistes\/blog\/2024\/01\/11\/mise-a-jour-507-disponible\/","title":{"rendered":"Mise \u00e0 jour 507 disponible"},"content":{"rendered":"<p><img fetchpriority=\"high\" decoding=\"async\" class=\"size-medium wp-image-11109 aligncenter\" src=\"https:\/\/journal.televitale.org\/orthophonistes\/wp-content\/uploads\/sites\/15\/2023\/11\/update1_LD-300x200.jpg\" alt=\"\" width=\"300\" height=\"200\" srcset=\"https:\/\/journal.televitale.org\/orthophonistes\/wp-content\/uploads\/sites\/15\/2023\/11\/update1_LD-300x200.jpg 300w, https:\/\/journal.televitale.org\/orthophonistes\/wp-content\/uploads\/sites\/15\/2023\/11\/update1_LD-555x370.jpg 555w, https:\/\/journal.televitale.org\/orthophonistes\/wp-content\/uploads\/sites\/15\/2023\/11\/update1_LD.jpg 736w\" sizes=\"(max-width: 300px) 100vw, 300px\" \/><\/p>\n<p><b><span data-contrast=\"none\">Une nouvelle version de votre logiciel est disponible en t\u00e9l\u00e9chargement.<\/span><\/b><span data-ccp-props=\"{&quot;134233117&quot;:false,&quot;134233118&quot;:false,&quot;201341983&quot;:0,&quot;335559738&quot;:0,&quot;335559739&quot;:300,&quot;335559740&quot;:240}\">\u00a0<\/span><\/p>\n<p><span data-contrast=\"none\">La mise \u00e0 jour <strong>507<\/strong> du logiciel T\u00e9l\u00e9vitale int\u00e8gre notamment :<\/span><span data-ccp-props=\"{&quot;134233117&quot;:false,&quot;134233118&quot;:false,&quot;201341983&quot;:0,&quot;335559738&quot;:0,&quot;335559739&quot;:300,&quot;335559740&quot;:240}\">\u00a0<\/span><\/p>\n<p><strong>Omnipraticiens :\u00a0<\/strong><\/p>\n<ul>\n<li>FR 266v2 : Ouverture de l&rsquo;acte TCS<\/li>\n<\/ul>\n<p><strong>Dentistes :<\/strong><\/p>\n<ul>\n<li>FR 264v4 : Cr\u00e9ation des actes ADM, AID et ASC en table 21.2<\/li>\n<\/ul>\n<p><strong>Podologues<\/strong> <strong>: <\/strong><strong>Mise \u00e0 jour imm\u00e9diate de la nomenclature concernant l&rsquo;acte de pr\u00e9vention des l\u00e9sions des pieds<\/strong><\/p>\n<ul>\n<li>Acte POD d\u00e9sactiv\u00e9<\/li>\n<li>Acte POD1 cr\u00e9\u00e9\n<ul>\n<li>Libell\u00e9 : S\u00e9ance de pr\u00e9vention des l\u00e9sions des pieds (Risque 2-3) chez le patient diab\u00e9tique &#8211; premi\u00e8re s\u00e9ance<\/li>\n<li>Coefficient :POD 1.19<\/li>\n<\/ul>\n<\/li>\n<li>Acte POD2 cr\u00e9\u00e9\n<ul>\n<li>Libell\u00e9 : S\u00e9ance de pr\u00e9vention des l\u00e9sions des pieds (Risque 2-3) chez le patient diab\u00e9tique &#8211; s\u00e9ances suivantes<\/li>\n<li>Coefficient : POD 1.00<\/li>\n<\/ul>\n<\/li>\n<\/ul>\n<p><strong>Orthoptistes : <\/strong><strong>Evolution conventionnelle du coefficient d&rsquo;actes d&rsquo;orthoptiques, \u00e0 partir du 13\/01\/2024<\/strong><\/p>\n<ul>\n<li>Acte RDVA : Passe de AMY 18.0 \u00e0 AMY 19.2<\/li>\n<li>Acte RDVE : Passe de AMY 12.0 \u00e0 AMY 13.2<\/li>\n<li>Acte AMB : Passe de AMY 5.8 \u00e0 AMY 7.0<\/li>\n<li>Acte STR : Passe de AMY 6.5 \u00e0 AMY 7.7<\/li>\n<li>Acte PER : Passe de AMY 9.5 \u00e0 AMY 11.5<\/li>\n<li>Acte PERS : Passe de AMY 10.3 \u00e0 AMY 12.3<\/li>\n<\/ul>\n<p><strong>Orthophonistes : <\/strong><strong>Evolution tarifaire de l&rsquo;AMO (Orthophonistes) de 3 % au 26\/01\/2024<\/strong><\/p>\n<ul>\n<li>L\u2019AMO passe \u00e0 2,60 \u20ac en m\u00e9tropole et 2,72 \u20ac en DROM<\/li>\n<\/ul>\n<p><strong>Divers corrections et ajustements techniques.<\/strong><\/p>\n","protected":false},"excerpt":{"rendered":"<p>Une nouvelle version de votre logiciel est disponible en t\u00e9l\u00e9chargement.\u00a0 La mise \u00e0 jour 507 du logiciel T\u00e9l\u00e9vitale int\u00e8gre notamment :\u00a0 Omnipraticiens :\u00a0 FR 266v2 : Ouverture de l&rsquo;acte TCS Dentistes : FR 264v4 : Cr\u00e9ation des actes ADM, AID et ASC en table 21.2 Podologues : Mise \u00e0 jour imm\u00e9diate de la nomenclature concernant [&hellip;]<\/p>\n","protected":false},"author":10,"featured_media":11109,"comment_status":"closed","ping_status":"closed","sticky":false,"template":"","format":"standard","meta":{"footnotes":""},"categories":[56],"tags":[],"class_list":["post-11127","post","type-post","status-publish","format-standard","has-post-thumbnail","hentry","category-a-la-une"],"yoast_head":"<!-- This site is optimized with the Yoast SEO plugin v24.1 - https:\/\/yoast.com\/wordpress\/plugins\/seo\/ -->\n<title>Mise \u00e0 jour 507 disponible - Orthophonistes<\/title>\n<meta name=\"robots\" content=\"noindex, follow, max-snippet:-1, max-image-preview:large, max-video-preview:-1\" \/>\n<meta property=\"og:locale\" content=\"fr_FR\" \/>\n<meta property=\"og:type\" content=\"article\" \/>\n<meta property=\"og:title\" content=\"Mise \u00e0 jour 507 disponible - Orthophonistes\" \/>\n<meta property=\"og:description\" content=\"Une nouvelle version de votre logiciel est disponible en t\u00e9l\u00e9chargement.\u00a0 La mise \u00e0 jour 507 du logiciel T\u00e9l\u00e9vitale int\u00e8gre notamment :\u00a0 Omnipraticiens :\u00a0 FR 266v2 : Ouverture de l&rsquo;acte TCS Dentistes : FR 264v4 : Cr\u00e9ation des actes ADM, AID et ASC en table 21.2 Podologues : Mise \u00e0 jour imm\u00e9diate de la nomenclature concernant [&hellip;]\" \/>\n<meta property=\"og:url\" content=\"https:\/\/journal.televitale.org\/orthophonistes\/blog\/2024\/01\/11\/mise-a-jour-507-disponible\/\" \/>\n<meta property=\"og:site_name\" content=\"Orthophonistes\" \/>\n<meta property=\"article:published_time\" content=\"2024-01-11T14:10:05+00:00\" \/>\n<meta property=\"og:image\" content=\"https:\/\/journal.televitale.org\/orthophonistes\/wp-content\/uploads\/sites\/15\/2023\/11\/update1_LD.jpg\" \/>\n\t<meta property=\"og:image:width\" content=\"736\" \/>\n\t<meta property=\"og:image:height\" content=\"491\" \/>\n\t<meta property=\"og:image:type\" content=\"image\/jpeg\" \/>\n<meta name=\"author\" content=\"geoffrey\" \/>\n<meta name=\"twitter:card\" content=\"summary_large_image\" \/>\n<meta name=\"twitter:label1\" content=\"\u00c9crit par\" \/>\n\t<meta name=\"twitter:data1\" content=\"geoffrey\" \/>\n\t<meta name=\"twitter:label2\" content=\"Dur\u00e9e de lecture estim\u00e9e\" \/>\n\t<meta name=\"twitter:data2\" content=\"2 minutes\" \/>\n<script type=\"application\/ld+json\" class=\"yoast-schema-graph\">{\"@context\":\"https:\/\/schema.org\",\"@graph\":[{\"@type\":\"WebPage\",\"@id\":\"https:\/\/journal.televitale.org\/orthophonistes\/blog\/2024\/01\/11\/mise-a-jour-507-disponible\/\",\"url\":\"https:\/\/journal.televitale.org\/orthophonistes\/blog\/2024\/01\/11\/mise-a-jour-507-disponible\/\",\"name\":\"Mise \u00e0 jour 507 disponible - Orthophonistes\",\"isPartOf\":{\"@id\":\"https:\/\/journal.televitale.org\/orthophonistes\/#website\"},\"primaryImageOfPage\":{\"@id\":\"https:\/\/journal.televitale.org\/orthophonistes\/blog\/2024\/01\/11\/mise-a-jour-507-disponible\/#primaryimage\"},\"image\":{\"@id\":\"https:\/\/journal.televitale.org\/orthophonistes\/blog\/2024\/01\/11\/mise-a-jour-507-disponible\/#primaryimage\"},\"thumbnailUrl\":\"https:\/\/journal.televitale.org\/orthophonistes\/wp-content\/uploads\/sites\/15\/2023\/11\/update1_LD.jpg\",\"datePublished\":\"2024-01-11T14:10:05+00:00\",\"dateModified\":\"2024-01-11T14:10:05+00:00\",\"author\":{\"@id\":\"https:\/\/journal.televitale.org\/orthophonistes\/#\/schema\/person\/b28dc7e7a8014ead4cd53cffa87466ce\"},\"breadcrumb\":{\"@id\":\"https:\/\/journal.televitale.org\/orthophonistes\/blog\/2024\/01\/11\/mise-a-jour-507-disponible\/#breadcrumb\"},\"inLanguage\":\"fr-FR\",\"potentialAction\":[{\"@type\":\"ReadAction\",\"target\":[\"https:\/\/journal.televitale.org\/orthophonistes\/blog\/2024\/01\/11\/mise-a-jour-507-disponible\/\"]}]},{\"@type\":\"ImageObject\",\"inLanguage\":\"fr-FR\",\"@id\":\"https:\/\/journal.televitale.org\/orthophonistes\/blog\/2024\/01\/11\/mise-a-jour-507-disponible\/#primaryimage\",\"url\":\"https:\/\/journal.televitale.org\/orthophonistes\/wp-content\/uploads\/sites\/15\/2023\/11\/update1_LD.jpg\",\"contentUrl\":\"https:\/\/journal.televitale.org\/orthophonistes\/wp-content\/uploads\/sites\/15\/2023\/11\/update1_LD.jpg\",\"width\":736,\"height\":491,\"caption\":\"Refresh icon reload perforated paper\"},{\"@type\":\"BreadcrumbList\",\"@id\":\"https:\/\/journal.televitale.org\/orthophonistes\/blog\/2024\/01\/11\/mise-a-jour-507-disponible\/#breadcrumb\",\"itemListElement\":[{\"@type\":\"ListItem\",\"position\":1,\"name\":\"Accueil\",\"item\":\"https:\/\/journal.televitale.org\/orthophonistes\/\"},{\"@type\":\"ListItem\",\"position\":2,\"name\":\"Mise \u00e0 jour 507 disponible\"}]},{\"@type\":\"WebSite\",\"@id\":\"https:\/\/journal.televitale.org\/orthophonistes\/#website\",\"url\":\"https:\/\/journal.televitale.org\/orthophonistes\/\",\"name\":\"Orthophonistes\",\"description\":\"\",\"potentialAction\":[{\"@type\":\"SearchAction\",\"target\":{\"@type\":\"EntryPoint\",\"urlTemplate\":\"https:\/\/journal.televitale.org\/orthophonistes\/?s={search_term_string}\"},\"query-input\":{\"@type\":\"PropertyValueSpecification\",\"valueRequired\":true,\"valueName\":\"search_term_string\"}}],\"inLanguage\":\"fr-FR\"},{\"@type\":\"Person\",\"@id\":\"https:\/\/journal.televitale.org\/orthophonistes\/#\/schema\/person\/b28dc7e7a8014ead4cd53cffa87466ce\",\"name\":\"geoffrey\",\"image\":{\"@type\":\"ImageObject\",\"inLanguage\":\"fr-FR\",\"@id\":\"https:\/\/journal.televitale.org\/orthophonistes\/#\/schema\/person\/image\/\",\"url\":\"https:\/\/secure.gravatar.com\/avatar\/d3fed2e90cf5f1a819161327a7c4dcdd?s=96&d=mm&r=g\",\"contentUrl\":\"https:\/\/secure.gravatar.com\/avatar\/d3fed2e90cf5f1a819161327a7c4dcdd?s=96&d=mm&r=g\",\"caption\":\"geoffrey\"},\"url\":\"https:\/\/journal.televitale.org\/orthophonistes\/blog\/author\/geoffrey\/\"}]}<\/script>\n<!-- \/ Yoast SEO plugin. -->","yoast_head_json":{"title":"Mise \u00e0 jour 507 disponible - Orthophonistes","robots":{"index":"noindex","follow":"follow","max-snippet":"max-snippet:-1","max-image-preview":"max-image-preview:large","max-video-preview":"max-video-preview:-1"},"og_locale":"fr_FR","og_type":"article","og_title":"Mise \u00e0 jour 507 disponible - Orthophonistes","og_description":"Une nouvelle version de votre logiciel est disponible en t\u00e9l\u00e9chargement.\u00a0 La mise \u00e0 jour 507 du logiciel T\u00e9l\u00e9vitale int\u00e8gre notamment :\u00a0 Omnipraticiens :\u00a0 FR 266v2 : Ouverture de l&rsquo;acte TCS Dentistes : FR 264v4 : Cr\u00e9ation des actes ADM, AID et ASC en table 21.2 Podologues : Mise \u00e0 jour imm\u00e9diate de la nomenclature concernant [&hellip;]","og_url":"https:\/\/journal.televitale.org\/orthophonistes\/blog\/2024\/01\/11\/mise-a-jour-507-disponible\/","og_site_name":"Orthophonistes","article_published_time":"2024-01-11T14:10:05+00:00","og_image":[{"width":736,"height":491,"url":"https:\/\/journal.televitale.org\/orthophonistes\/wp-content\/uploads\/sites\/15\/2023\/11\/update1_LD.jpg","type":"image\/jpeg"}],"author":"geoffrey","twitter_card":"summary_large_image","twitter_misc":{"\u00c9crit par":"geoffrey","Dur\u00e9e de lecture estim\u00e9e":"2 minutes"},"schema":{"@context":"https:\/\/schema.org","@graph":[{"@type":"WebPage","@id":"https:\/\/journal.televitale.org\/orthophonistes\/blog\/2024\/01\/11\/mise-a-jour-507-disponible\/","url":"https:\/\/journal.televitale.org\/orthophonistes\/blog\/2024\/01\/11\/mise-a-jour-507-disponible\/","name":"Mise \u00e0 jour 507 disponible - Orthophonistes","isPartOf":{"@id":"https:\/\/journal.televitale.org\/orthophonistes\/#website"},"primaryImageOfPage":{"@id":"https:\/\/journal.televitale.org\/orthophonistes\/blog\/2024\/01\/11\/mise-a-jour-507-disponible\/#primaryimage"},"image":{"@id":"https:\/\/journal.televitale.org\/orthophonistes\/blog\/2024\/01\/11\/mise-a-jour-507-disponible\/#primaryimage"},"thumbnailUrl":"https:\/\/journal.televitale.org\/orthophonistes\/wp-content\/uploads\/sites\/15\/2023\/11\/update1_LD.jpg","datePublished":"2024-01-11T14:10:05+00:00","dateModified":"2024-01-11T14:10:05+00:00","author":{"@id":"https:\/\/journal.televitale.org\/orthophonistes\/#\/schema\/person\/b28dc7e7a8014ead4cd53cffa87466ce"},"breadcrumb":{"@id":"https:\/\/journal.televitale.org\/orthophonistes\/blog\/2024\/01\/11\/mise-a-jour-507-disponible\/#breadcrumb"},"inLanguage":"fr-FR","potentialAction":[{"@type":"ReadAction","target":["https:\/\/journal.televitale.org\/orthophonistes\/blog\/2024\/01\/11\/mise-a-jour-507-disponible\/"]}]},{"@type":"ImageObject","inLanguage":"fr-FR","@id":"https:\/\/journal.televitale.org\/orthophonistes\/blog\/2024\/01\/11\/mise-a-jour-507-disponible\/#primaryimage","url":"https:\/\/journal.televitale.org\/orthophonistes\/wp-content\/uploads\/sites\/15\/2023\/11\/update1_LD.jpg","contentUrl":"https:\/\/journal.televitale.org\/orthophonistes\/wp-content\/uploads\/sites\/15\/2023\/11\/update1_LD.jpg","width":736,"height":491,"caption":"Refresh icon reload perforated paper"},{"@type":"BreadcrumbList","@id":"https:\/\/journal.televitale.org\/orthophonistes\/blog\/2024\/01\/11\/mise-a-jour-507-disponible\/#breadcrumb","itemListElement":[{"@type":"ListItem","position":1,"name":"Accueil","item":"https:\/\/journal.televitale.org\/orthophonistes\/"},{"@type":"ListItem","position":2,"name":"Mise \u00e0 jour 507 disponible"}]},{"@type":"WebSite","@id":"https:\/\/journal.televitale.org\/orthophonistes\/#website","url":"https:\/\/journal.televitale.org\/orthophonistes\/","name":"Orthophonistes","description":"","potentialAction":[{"@type":"SearchAction","target":{"@type":"EntryPoint","urlTemplate":"https:\/\/journal.televitale.org\/orthophonistes\/?s={search_term_string}"},"query-input":{"@type":"PropertyValueSpecification","valueRequired":true,"valueName":"search_term_string"}}],"inLanguage":"fr-FR"},{"@type":"Person","@id":"https:\/\/journal.televitale.org\/orthophonistes\/#\/schema\/person\/b28dc7e7a8014ead4cd53cffa87466ce","name":"geoffrey","image":{"@type":"ImageObject","inLanguage":"fr-FR","@id":"https:\/\/journal.televitale.org\/orthophonistes\/#\/schema\/person\/image\/","url":"https:\/\/secure.gravatar.com\/avatar\/d3fed2e90cf5f1a819161327a7c4dcdd?s=96&d=mm&r=g","contentUrl":"https:\/\/secure.gravatar.com\/avatar\/d3fed2e90cf5f1a819161327a7c4dcdd?s=96&d=mm&r=g","caption":"geoffrey"},"url":"https:\/\/journal.televitale.org\/orthophonistes\/blog\/author\/geoffrey\/"}]}},"_links":{"self":[{"href":"https:\/\/journal.televitale.org\/orthophonistes\/wp-json\/wp\/v2\/posts\/11127","targetHints":{"allow":["GET"]}}],"collection":[{"href":"https:\/\/journal.televitale.org\/orthophonistes\/wp-json\/wp\/v2\/posts"}],"about":[{"href":"https:\/\/journal.televitale.org\/orthophonistes\/wp-json\/wp\/v2\/types\/post"}],"author":[{"embeddable":true,"href":"https:\/\/journal.televitale.org\/orthophonistes\/wp-json\/wp\/v2\/users\/10"}],"replies":[{"embeddable":true,"href":"https:\/\/journal.televitale.org\/orthophonistes\/wp-json\/wp\/v2\/comments?post=11127"}],"version-history":[{"count":4,"href":"https:\/\/journal.televitale.org\/orthophonistes\/wp-json\/wp\/v2\/posts\/11127\/revisions"}],"predecessor-version":[{"id":11131,"href":"https:\/\/journal.televitale.org\/orthophonistes\/wp-json\/wp\/v2\/posts\/11127\/revisions\/11131"}],"wp:featuredmedia":[{"embeddable":true,"href":"https:\/\/journal.televitale.org\/orthophonistes\/wp-json\/wp\/v2\/media\/11109"}],"wp:attachment":[{"href":"https:\/\/journal.televitale.org\/orthophonistes\/wp-json\/wp\/v2\/media?parent=11127"}],"wp:term":[{"taxonomy":"category","embeddable":true,"href":"https:\/\/journal.televitale.org\/orthophonistes\/wp-json\/wp\/v2\/categories?post=11127"},{"taxonomy":"post_tag","embeddable":true,"href":"https:\/\/journal.televitale.org\/orthophonistes\/wp-json\/wp\/v2\/tags?post=11127"}],"curies":[{"name":"wp","href":"https:\/\/api.w.org\/{rel}","templated":true}]}}