{"id":11166,"date":"2024-09-10T11:07:08","date_gmt":"2024-09-10T09:07:08","guid":{"rendered":"https:\/\/journal.televitale.org\/orthophonistes\/?p=11166"},"modified":"2024-09-10T11:12:17","modified_gmt":"2024-09-10T09:12:17","slug":"mise-a-jour-519-disponible","status":"publish","type":"post","link":"https:\/\/journal.televitale.org\/orthophonistes\/blog\/2024\/09\/10\/mise-a-jour-519-disponible\/","title":{"rendered":"Mise \u00e0 jour 519 disponible"},"content":{"rendered":"<p><img fetchpriority=\"high\" decoding=\"async\" class=\"size-medium wp-image-11189\" src=\"https:\/\/journal.televitale.org\/kinesitherapeutes\/wp-content\/uploads\/sites\/14\/2023\/07\/update3_LD-300x205.jpg\" alt=\"\" width=\"300\" height=\"205\" \/><\/p>\n<p>&nbsp;<\/p>\n<p><span style=\"font-family: verdana, geneva, sans-serif\"><b>Une nouvelle version de votre logiciel est disponible en t\u00e9l\u00e9chargement.<\/b>\u00a0<\/span><\/p>\n<p><span style=\"font-family: verdana, geneva, sans-serif;font-size: 10pt\">La mise \u00e0 jour <strong>519<\/strong>\u00a0du logiciel T\u00e9l\u00e9vitale int\u00e8gre notamment :\u00a0<\/span><\/p>\n<p><strong>Nouveaut\u00e9s<\/strong> :<\/p>\n<ul>\n<li>FR 280 &#8211; Cr\u00e9ation des codes prestation pour le d\u00e9pistage en milieu scolaire<\/li>\n<li>Mise \u00e0 jour des organismes destinataire v3.68<br \/>\nMAGE : suppression de 2 caisses<br \/>\nMCVPAP : suppression de 7 caisses<\/li>\n<\/ul>\n<p><strong>Corrections<\/strong>\u00a0:<\/p>\n<ul>\n<li>Correction d&rsquo;un probl\u00e8me lors de la lecture CV qui affichait le message dans certaines situation : CPS absente ou bloqu\u00e9.<\/li>\n<\/ul>\n","protected":false},"excerpt":{"rendered":"<p>&nbsp; Une nouvelle version de votre logiciel est disponible en t\u00e9l\u00e9chargement.\u00a0 La mise \u00e0 jour 519\u00a0du logiciel T\u00e9l\u00e9vitale int\u00e8gre notamment :\u00a0 Nouveaut\u00e9s : FR 280 &#8211; Cr\u00e9ation des codes prestation pour le d\u00e9pistage en milieu scolaire Mise \u00e0 jour des organismes destinataire v3.68 MAGE : suppression de 2 caisses MCVPAP : suppression de 7 caisses [&hellip;]<\/p>\n","protected":false},"author":14,"featured_media":11086,"comment_status":"closed","ping_status":"closed","sticky":false,"template":"","format":"standard","meta":{"footnotes":""},"categories":[56],"tags":[],"class_list":["post-11166","post","type-post","status-publish","format-standard","has-post-thumbnail","hentry","category-a-la-une"],"yoast_head":"<!-- This site is optimized with the Yoast SEO plugin v24.1 - https:\/\/yoast.com\/wordpress\/plugins\/seo\/ -->\n<title>Mise \u00e0 jour 519 disponible - Orthophonistes<\/title>\n<meta name=\"robots\" content=\"noindex, follow, max-snippet:-1, max-image-preview:large, max-video-preview:-1\" \/>\n<meta property=\"og:locale\" content=\"fr_FR\" \/>\n<meta property=\"og:type\" content=\"article\" \/>\n<meta property=\"og:title\" content=\"Mise \u00e0 jour 519 disponible - Orthophonistes\" \/>\n<meta property=\"og:description\" content=\"&nbsp; Une nouvelle version de votre logiciel est disponible en t\u00e9l\u00e9chargement.\u00a0 La mise \u00e0 jour 519\u00a0du logiciel T\u00e9l\u00e9vitale int\u00e8gre notamment :\u00a0 Nouveaut\u00e9s : FR 280 &#8211; Cr\u00e9ation des codes prestation pour le d\u00e9pistage en milieu scolaire Mise \u00e0 jour des organismes destinataire v3.68 MAGE : suppression de 2 caisses MCVPAP : suppression de 7 caisses [&hellip;]\" \/>\n<meta property=\"og:url\" content=\"https:\/\/journal.televitale.org\/orthophonistes\/blog\/2024\/09\/10\/mise-a-jour-519-disponible\/\" \/>\n<meta property=\"og:site_name\" content=\"Orthophonistes\" \/>\n<meta property=\"article:published_time\" content=\"2024-09-10T09:07:08+00:00\" \/>\n<meta property=\"article:modified_time\" content=\"2024-09-10T09:12:17+00:00\" \/>\n<meta property=\"og:image\" content=\"https:\/\/journal.televitale.org\/orthophonistes\/wp-content\/uploads\/sites\/15\/2023\/07\/update3_LD.jpg\" \/>\n\t<meta property=\"og:image:width\" content=\"652\" \/>\n\t<meta property=\"og:image:height\" content=\"446\" \/>\n\t<meta property=\"og:image:type\" content=\"image\/jpeg\" \/>\n<meta name=\"author\" content=\"david\" \/>\n<meta name=\"twitter:card\" content=\"summary_large_image\" \/>\n<meta name=\"twitter:label1\" content=\"\u00c9crit par\" \/>\n\t<meta name=\"twitter:data1\" content=\"david\" \/>\n\t<meta name=\"twitter:label2\" content=\"Dur\u00e9e de lecture estim\u00e9e\" \/>\n\t<meta name=\"twitter:data2\" content=\"1 minute\" \/>\n<script type=\"application\/ld+json\" class=\"yoast-schema-graph\">{\"@context\":\"https:\/\/schema.org\",\"@graph\":[{\"@type\":\"WebPage\",\"@id\":\"https:\/\/journal.televitale.org\/orthophonistes\/blog\/2024\/09\/10\/mise-a-jour-519-disponible\/\",\"url\":\"https:\/\/journal.televitale.org\/orthophonistes\/blog\/2024\/09\/10\/mise-a-jour-519-disponible\/\",\"name\":\"Mise \u00e0 jour 519 disponible - Orthophonistes\",\"isPartOf\":{\"@id\":\"https:\/\/journal.televitale.org\/orthophonistes\/#website\"},\"primaryImageOfPage\":{\"@id\":\"https:\/\/journal.televitale.org\/orthophonistes\/blog\/2024\/09\/10\/mise-a-jour-519-disponible\/#primaryimage\"},\"image\":{\"@id\":\"https:\/\/journal.televitale.org\/orthophonistes\/blog\/2024\/09\/10\/mise-a-jour-519-disponible\/#primaryimage\"},\"thumbnailUrl\":\"https:\/\/journal.televitale.org\/orthophonistes\/wp-content\/uploads\/sites\/15\/2023\/07\/update3_LD.jpg\",\"datePublished\":\"2024-09-10T09:07:08+00:00\",\"dateModified\":\"2024-09-10T09:12:17+00:00\",\"author\":{\"@id\":\"https:\/\/journal.televitale.org\/orthophonistes\/#\/schema\/person\/bfa254cf8b5f72046df422ef03d4cf85\"},\"breadcrumb\":{\"@id\":\"https:\/\/journal.televitale.org\/orthophonistes\/blog\/2024\/09\/10\/mise-a-jour-519-disponible\/#breadcrumb\"},\"inLanguage\":\"fr-FR\",\"potentialAction\":[{\"@type\":\"ReadAction\",\"target\":[\"https:\/\/journal.televitale.org\/orthophonistes\/blog\/2024\/09\/10\/mise-a-jour-519-disponible\/\"]}]},{\"@type\":\"ImageObject\",\"inLanguage\":\"fr-FR\",\"@id\":\"https:\/\/journal.televitale.org\/orthophonistes\/blog\/2024\/09\/10\/mise-a-jour-519-disponible\/#primaryimage\",\"url\":\"https:\/\/journal.televitale.org\/orthophonistes\/wp-content\/uploads\/sites\/15\/2023\/07\/update3_LD.jpg\",\"contentUrl\":\"https:\/\/journal.televitale.org\/orthophonistes\/wp-content\/uploads\/sites\/15\/2023\/07\/update3_LD.jpg\",\"width\":652,\"height\":446,\"caption\":\"Refresh icon reload perforated paper\"},{\"@type\":\"BreadcrumbList\",\"@id\":\"https:\/\/journal.televitale.org\/orthophonistes\/blog\/2024\/09\/10\/mise-a-jour-519-disponible\/#breadcrumb\",\"itemListElement\":[{\"@type\":\"ListItem\",\"position\":1,\"name\":\"Accueil\",\"item\":\"https:\/\/journal.televitale.org\/orthophonistes\/\"},{\"@type\":\"ListItem\",\"position\":2,\"name\":\"Mise \u00e0 jour 519 disponible\"}]},{\"@type\":\"WebSite\",\"@id\":\"https:\/\/journal.televitale.org\/orthophonistes\/#website\",\"url\":\"https:\/\/journal.televitale.org\/orthophonistes\/\",\"name\":\"Orthophonistes\",\"description\":\"\",\"potentialAction\":[{\"@type\":\"SearchAction\",\"target\":{\"@type\":\"EntryPoint\",\"urlTemplate\":\"https:\/\/journal.televitale.org\/orthophonistes\/?s={search_term_string}\"},\"query-input\":{\"@type\":\"PropertyValueSpecification\",\"valueRequired\":true,\"valueName\":\"search_term_string\"}}],\"inLanguage\":\"fr-FR\"},{\"@type\":\"Person\",\"@id\":\"https:\/\/journal.televitale.org\/orthophonistes\/#\/schema\/person\/bfa254cf8b5f72046df422ef03d4cf85\",\"name\":\"david\",\"image\":{\"@type\":\"ImageObject\",\"inLanguage\":\"fr-FR\",\"@id\":\"https:\/\/journal.televitale.org\/orthophonistes\/#\/schema\/person\/image\/\",\"url\":\"https:\/\/secure.gravatar.com\/avatar\/f198238541ed2b590a2ac19ab2b1107f?s=96&d=mm&r=g\",\"contentUrl\":\"https:\/\/secure.gravatar.com\/avatar\/f198238541ed2b590a2ac19ab2b1107f?s=96&d=mm&r=g\",\"caption\":\"david\"},\"url\":\"https:\/\/journal.televitale.org\/orthophonistes\/blog\/author\/david\/\"}]}<\/script>\n<!-- \/ Yoast SEO plugin. -->","yoast_head_json":{"title":"Mise \u00e0 jour 519 disponible - Orthophonistes","robots":{"index":"noindex","follow":"follow","max-snippet":"max-snippet:-1","max-image-preview":"max-image-preview:large","max-video-preview":"max-video-preview:-1"},"og_locale":"fr_FR","og_type":"article","og_title":"Mise \u00e0 jour 519 disponible - Orthophonistes","og_description":"&nbsp; Une nouvelle version de votre logiciel est disponible en t\u00e9l\u00e9chargement.\u00a0 La mise \u00e0 jour 519\u00a0du logiciel T\u00e9l\u00e9vitale int\u00e8gre notamment :\u00a0 Nouveaut\u00e9s : FR 280 &#8211; Cr\u00e9ation des codes prestation pour le d\u00e9pistage en milieu scolaire Mise \u00e0 jour des organismes destinataire v3.68 MAGE : suppression de 2 caisses MCVPAP : suppression de 7 caisses [&hellip;]","og_url":"https:\/\/journal.televitale.org\/orthophonistes\/blog\/2024\/09\/10\/mise-a-jour-519-disponible\/","og_site_name":"Orthophonistes","article_published_time":"2024-09-10T09:07:08+00:00","article_modified_time":"2024-09-10T09:12:17+00:00","og_image":[{"width":652,"height":446,"url":"https:\/\/journal.televitale.org\/orthophonistes\/wp-content\/uploads\/sites\/15\/2023\/07\/update3_LD.jpg","type":"image\/jpeg"}],"author":"david","twitter_card":"summary_large_image","twitter_misc":{"\u00c9crit par":"david","Dur\u00e9e de lecture estim\u00e9e":"1 minute"},"schema":{"@context":"https:\/\/schema.org","@graph":[{"@type":"WebPage","@id":"https:\/\/journal.televitale.org\/orthophonistes\/blog\/2024\/09\/10\/mise-a-jour-519-disponible\/","url":"https:\/\/journal.televitale.org\/orthophonistes\/blog\/2024\/09\/10\/mise-a-jour-519-disponible\/","name":"Mise \u00e0 jour 519 disponible - Orthophonistes","isPartOf":{"@id":"https:\/\/journal.televitale.org\/orthophonistes\/#website"},"primaryImageOfPage":{"@id":"https:\/\/journal.televitale.org\/orthophonistes\/blog\/2024\/09\/10\/mise-a-jour-519-disponible\/#primaryimage"},"image":{"@id":"https:\/\/journal.televitale.org\/orthophonistes\/blog\/2024\/09\/10\/mise-a-jour-519-disponible\/#primaryimage"},"thumbnailUrl":"https:\/\/journal.televitale.org\/orthophonistes\/wp-content\/uploads\/sites\/15\/2023\/07\/update3_LD.jpg","datePublished":"2024-09-10T09:07:08+00:00","dateModified":"2024-09-10T09:12:17+00:00","author":{"@id":"https:\/\/journal.televitale.org\/orthophonistes\/#\/schema\/person\/bfa254cf8b5f72046df422ef03d4cf85"},"breadcrumb":{"@id":"https:\/\/journal.televitale.org\/orthophonistes\/blog\/2024\/09\/10\/mise-a-jour-519-disponible\/#breadcrumb"},"inLanguage":"fr-FR","potentialAction":[{"@type":"ReadAction","target":["https:\/\/journal.televitale.org\/orthophonistes\/blog\/2024\/09\/10\/mise-a-jour-519-disponible\/"]}]},{"@type":"ImageObject","inLanguage":"fr-FR","@id":"https:\/\/journal.televitale.org\/orthophonistes\/blog\/2024\/09\/10\/mise-a-jour-519-disponible\/#primaryimage","url":"https:\/\/journal.televitale.org\/orthophonistes\/wp-content\/uploads\/sites\/15\/2023\/07\/update3_LD.jpg","contentUrl":"https:\/\/journal.televitale.org\/orthophonistes\/wp-content\/uploads\/sites\/15\/2023\/07\/update3_LD.jpg","width":652,"height":446,"caption":"Refresh icon reload perforated paper"},{"@type":"BreadcrumbList","@id":"https:\/\/journal.televitale.org\/orthophonistes\/blog\/2024\/09\/10\/mise-a-jour-519-disponible\/#breadcrumb","itemListElement":[{"@type":"ListItem","position":1,"name":"Accueil","item":"https:\/\/journal.televitale.org\/orthophonistes\/"},{"@type":"ListItem","position":2,"name":"Mise \u00e0 jour 519 disponible"}]},{"@type":"WebSite","@id":"https:\/\/journal.televitale.org\/orthophonistes\/#website","url":"https:\/\/journal.televitale.org\/orthophonistes\/","name":"Orthophonistes","description":"","potentialAction":[{"@type":"SearchAction","target":{"@type":"EntryPoint","urlTemplate":"https:\/\/journal.televitale.org\/orthophonistes\/?s={search_term_string}"},"query-input":{"@type":"PropertyValueSpecification","valueRequired":true,"valueName":"search_term_string"}}],"inLanguage":"fr-FR"},{"@type":"Person","@id":"https:\/\/journal.televitale.org\/orthophonistes\/#\/schema\/person\/bfa254cf8b5f72046df422ef03d4cf85","name":"david","image":{"@type":"ImageObject","inLanguage":"fr-FR","@id":"https:\/\/journal.televitale.org\/orthophonistes\/#\/schema\/person\/image\/","url":"https:\/\/secure.gravatar.com\/avatar\/f198238541ed2b590a2ac19ab2b1107f?s=96&d=mm&r=g","contentUrl":"https:\/\/secure.gravatar.com\/avatar\/f198238541ed2b590a2ac19ab2b1107f?s=96&d=mm&r=g","caption":"david"},"url":"https:\/\/journal.televitale.org\/orthophonistes\/blog\/author\/david\/"}]}},"_links":{"self":[{"href":"https:\/\/journal.televitale.org\/orthophonistes\/wp-json\/wp\/v2\/posts\/11166","targetHints":{"allow":["GET"]}}],"collection":[{"href":"https:\/\/journal.televitale.org\/orthophonistes\/wp-json\/wp\/v2\/posts"}],"about":[{"href":"https:\/\/journal.televitale.org\/orthophonistes\/wp-json\/wp\/v2\/types\/post"}],"author":[{"embeddable":true,"href":"https:\/\/journal.televitale.org\/orthophonistes\/wp-json\/wp\/v2\/users\/14"}],"replies":[{"embeddable":true,"href":"https:\/\/journal.televitale.org\/orthophonistes\/wp-json\/wp\/v2\/comments?post=11166"}],"version-history":[{"count":2,"href":"https:\/\/journal.televitale.org\/orthophonistes\/wp-json\/wp\/v2\/posts\/11166\/revisions"}],"predecessor-version":[{"id":11169,"href":"https:\/\/journal.televitale.org\/orthophonistes\/wp-json\/wp\/v2\/posts\/11166\/revisions\/11169"}],"wp:featuredmedia":[{"embeddable":true,"href":"https:\/\/journal.televitale.org\/orthophonistes\/wp-json\/wp\/v2\/media\/11086"}],"wp:attachment":[{"href":"https:\/\/journal.televitale.org\/orthophonistes\/wp-json\/wp\/v2\/media?parent=11166"}],"wp:term":[{"taxonomy":"category","embeddable":true,"href":"https:\/\/journal.televitale.org\/orthophonistes\/wp-json\/wp\/v2\/categories?post=11166"},{"taxonomy":"post_tag","embeddable":true,"href":"https:\/\/journal.televitale.org\/orthophonistes\/wp-json\/wp\/v2\/tags?post=11166"}],"curies":[{"name":"wp","href":"https:\/\/api.w.org\/{rel}","templated":true}]}}